{"id":9519,"date":"2016-02-21T17:47:36","date_gmt":"2016-02-21T16:47:36","guid":{"rendered":"http:\/\/www.keris-studio.fr\/blog\/?p=9519"},"modified":"2016-04-24T11:59:26","modified_gmt":"2016-04-24T10:59:26","slug":"la-3d-de-lnigme-du-grand-menhir","status":"publish","type":"post","link":"https:\/\/www.keris-studio.fr\/blog\/?p=9519","title":{"rendered":"La 3D de L&rsquo;&eacute;nigme du grand menhir"},"content":{"rendered":"<p align=\"justify\">L\u2019\u00e9nigme du grand menhir est un documentaire de 52 minutes r\u00e9alis\u00e9 par Marie-Anne Sorba et Jean-Marc Cazenave pour Fred Hilgemann films. Le documentaire suit le cheminement scientifique de l\u2019anthropologue et arch\u00e9ologue Serge Cassen.<\/p>\n<p align=\"justify\"><a href=\"https:\/\/www.keris-studio.fr\/blog\/wp-content\/Enigme-du-grand-menhir-015.jpg\"><img loading=\"lazy\" decoding=\"async\" style=\"background-image: none; padding-top: 0px; padding-left: 0px; display: inline; padding-right: 0px; border-width: 0px;\" title=\"Enigme du grand menhir 015\" src=\"https:\/\/www.keris-studio.fr\/blog\/wp-content\/Enigme-du-grand-menhir-015_thumb.jpg\" alt=\"Enigme du grand menhir 015\" width=\"704\" height=\"396\" border=\"0\" \/><\/a><\/p>\n<p><!--more--><\/p>\n<p align=\"justify\">Les m\u00e9galithes bretons sont source de nombreuses questions, tant pour ce qui concerne leur transport, leur disposition dans le paysage et les gravures qui les ornent. Des r\u00e9currences permettent toutefois, par comparaison raisonnable, de formuler de solides hypoth\u00e8ses et de reconnaitre, dans de nombreux sites, des signes r\u00e9currents tels que la hache, le serpent, l\u2019oiseau\u2026 Le plus intrigant, parce que <a href=\"http:\/\/www.persee.fr\/doc\/galip_0016-4127_2007_num_49_1_2455\" target=\"_blank\">reconnu tardivement<\/a>, est le <strong>cachalot<\/strong>, porteur probablement d\u2019une mythologie toute particuli\u00e8re.<\/p>\n<p align=\"justify\">Pour les besoins du film, un important travail de mod\u00e9lisation 3D a \u00e9t\u00e9 effectu\u00e9 afin d\u2019exprimer l\u2019architecture des sites, r\u00e9v\u00e9ler ce que l\u2019\u0153il nu peine \u00e0 voir et surtout montrer l\u2019invisible, ce que la cam\u00e9ra ne peut filmer.<\/p>\n<h3 align=\"justify\"><strong>Le Grand Menhir<\/strong><\/h3>\n<p align=\"justify\"><a href=\"https:\/\/www.keris-studio.fr\/blog\/wp-content\/Enigme-du-grand-menhir-035.jpg\"><img loading=\"lazy\" decoding=\"async\" style=\"background-image: none; padding-top: 0px; padding-left: 0px; display: inline; padding-right: 0px; border-width: 0px;\" title=\"Enigme du grand menhir 035\" src=\"https:\/\/www.keris-studio.fr\/blog\/wp-content\/Enigme-du-grand-menhir-035_thumb.jpg\" alt=\"Enigme du grand menhir 035\" width=\"704\" height=\"396\" border=\"0\" \/><\/a><\/p>\n<p align=\"justify\">M\u00eame bris\u00e9 \u00e0 terre, le Grand Menhir poss\u00e8de des proportions intimidantes. Le relev\u00e9 a \u00e9t\u00e9 effectu\u00e9 en photogramm\u00e9trie et en lasergramm\u00e9trie, les deux techniques \u00e9tant associ\u00e9es afin de b\u00e9n\u00e9ficier de la souplesse de la premi\u00e8re et de la pr\u00e9cision de la seconde.<\/p>\n<figure style=\"width: 893px\" class=\"wp-caption alignnone\"><a href=\"https:\/\/www.keris-studio.fr\/blog\/wp-content\/GM-02.png\"><img loading=\"lazy\" decoding=\"async\" style=\"background-image: none; padding-top: 0px; padding-left: 0px; display: inline; padding-right: 0px; border-width: 0px;\" title=\"GM-02\" src=\"https:\/\/www.keris-studio.fr\/blog\/wp-content\/GM-02_thumb.png\" alt=\"GM-02\" width=\"893\" height=\"768\" border=\"0\" \/><\/a><figcaption class=\"wp-caption-text\">Grand Menhir<\/figcaption><\/figure>\n<p align=\"justify\">Voici la g\u00e9om\u00e9trie.<\/p>\n<p align=\"justify\"><iframe loading=\"lazy\" src=\"https:\/\/sketchfab.com\/models\/a0e2f15d841949038482c02cbc7f8a9d\/embed?autostart=1\" width=\"893\" height=\"300\" frameborder=\"0\" allowfullscreen=\"allowfullscreen\"><\/iframe><\/p>\n<p style=\"font-size: 13px; font-weight: normal; color: #4a4a4a; margin: 5px;\"><a style=\"font-weight: bold; color: #1caad9;\" href=\"https:\/\/sketchfab.com\/models\/a0e2f15d841949038482c02cbc7f8a9d?utm_medium=embed&amp;utm_source=website&amp;utm_campain=share-popup\" target=\"_blank\">Grand Menhir Bris\u00e9<\/a> by <a style=\"font-weight: bold; color: #1caad9;\" href=\"https:\/\/sketchfab.com\/archinantes?utm_medium=embed&amp;utm_source=website&amp;utm_campain=share-popup\" target=\"_blank\">Laurent Lescop<\/a> on <a style=\"font-weight: bold; color: #1caad9;\" href=\"https:\/\/sketchfab.com?utm_medium=embed&amp;utm_source=website&amp;utm_campain=share-popup\" target=\"_blank\">Sketchfab<\/a><\/p>\n<h3 align=\"justify\">La Table des Marchands.<\/h3>\n<figure id=\"attachment_9526\" aria-describedby=\"caption-attachment-9526\" style=\"width: 474px\" class=\"wp-caption alignnone\"><a href=\"https:\/\/www.keris-studio.fr\/blog\/wp-content\/TDM-Ext-03abcd.png\" rel=\"attachment wp-att-9526\"><img loading=\"lazy\" decoding=\"async\" class=\"wp-image-9526 size-large\" src=\"https:\/\/www.keris-studio.fr\/blog\/wp-content\/TDM-Ext-03abcd-1024x581.png\" alt=\"Table des Marchands\" width=\"474\" height=\"269\" srcset=\"https:\/\/www.keris-studio.fr\/blog\/wp-content\/TDM-Ext-03abcd-1024x581.png 1024w, https:\/\/www.keris-studio.fr\/blog\/wp-content\/TDM-Ext-03abcd-300x170.png 300w, https:\/\/www.keris-studio.fr\/blog\/wp-content\/TDM-Ext-03abcd-768x436.png 768w, https:\/\/www.keris-studio.fr\/blog\/wp-content\/TDM-Ext-03abcd.png 1560w\" sizes=\"auto, (max-width: 474px) 100vw, 474px\" \/><\/a><figcaption id=\"caption-attachment-9526\" class=\"wp-caption-text\">Table des Marchands<\/figcaption><\/figure>\n<p><a href=\"https:\/\/www.keris-studio.fr\/blog\/wp-content\/TDM-Couloir-ext11.png\" rel=\"attachment wp-att-9527\"><img loading=\"lazy\" decoding=\"async\" class=\"alignnone size-large wp-image-9527\" src=\"https:\/\/www.keris-studio.fr\/blog\/wp-content\/TDM-Couloir-ext11-1024x368.png\" alt=\"Table des Marchands -Couloir-ext11\" width=\"474\" height=\"170\" srcset=\"https:\/\/www.keris-studio.fr\/blog\/wp-content\/TDM-Couloir-ext11-1024x368.png 1024w, https:\/\/www.keris-studio.fr\/blog\/wp-content\/TDM-Couloir-ext11-300x108.png 300w, https:\/\/www.keris-studio.fr\/blog\/wp-content\/TDM-Couloir-ext11-768x276.png 768w, https:\/\/www.keris-studio.fr\/blog\/wp-content\/TDM-Couloir-ext11.png 1402w\" sizes=\"auto, (max-width: 474px) 100vw, 474px\" \/><\/a><\/p>\n<p><iframe loading=\"lazy\" src=\"https:\/\/sketchfab.com\/models\/5c140ece3878407a9cfd96eec440d2ab\/embed?autospin=0.2&amp;autostart=1\" width=\"800\" height=\"400\" frameborder=\"0\" allowfullscreen=\"allowfullscreen\"><\/iframe><\/p>\n<p style=\"font-size: 13px; font-weight: normal; color: #4a4a4a; margin: 5px;\"><a style=\"font-weight: bold; color: #1caad9;\" href=\"https:\/\/sketchfab.com\/models\/5c140ece3878407a9cfd96eec440d2ab?utm_medium=embed&amp;utm_source=website&amp;utm_campain=share-popup\" target=\"_blank\">Table des Marchands<\/a><br \/>\nby <a style=\"font-weight: bold; color: #1caad9;\" href=\"https:\/\/sketchfab.com\/archinantes?utm_medium=embed&amp;utm_source=website&amp;utm_campain=share-popup\" target=\"_blank\">Laurent Lescop<\/a><br \/>\non <a style=\"font-weight: bold; color: #1caad9;\" href=\"https:\/\/sketchfab.com?utm_medium=embed&amp;utm_source=website&amp;utm_campain=share-popup\" target=\"_blank\">Sketchfab<\/a><\/p>\n<h4>Le couloir de la Table des Marchands<\/h4>\n<p><img loading=\"lazy\" decoding=\"async\" class=\"alignnone size-full wp-image-9528\" src=\"https:\/\/www.keris-studio.fr\/blog\/wp-content\/Enigme-du-grand-menhir-075.jpg\" alt=\"Enigme du grand menhir 075\" width=\"704\" height=\"396\" srcset=\"https:\/\/www.keris-studio.fr\/blog\/wp-content\/Enigme-du-grand-menhir-075.jpg 704w, https:\/\/www.keris-studio.fr\/blog\/wp-content\/Enigme-du-grand-menhir-075-300x169.jpg 300w\" sizes=\"auto, (max-width: 704px) 100vw, 704px\" \/><\/p>\n<p><iframe loading=\"lazy\" src=\"https:\/\/sketchfab.com\/models\/7997a1f5138d40a1bca1014046153664\/embed?autostart=1\" width=\"800\" height=\"400\" frameborder=\"0\" allowfullscreen=\"allowfullscreen\"><\/iframe><\/p>\n<p style=\"font-size: 13px; font-weight: normal; color: #4a4a4a; margin: 5px;\"><a style=\"font-weight: bold; color: #1caad9;\" href=\"https:\/\/sketchfab.com\/models\/7997a1f5138d40a1bca1014046153664?utm_medium=embed&amp;utm_source=website&amp;utm_campain=share-popup\" target=\"_blank\">Table des Marchands &#8211; le Couloir<\/a><br \/>\nby <a style=\"font-weight: bold; color: #1caad9;\" href=\"https:\/\/sketchfab.com\/archinantes?utm_medium=embed&amp;utm_source=website&amp;utm_campain=share-popup\" target=\"_blank\">Laurent Lescop<\/a><br \/>\non <a style=\"font-weight: bold; color: #1caad9;\" href=\"https:\/\/sketchfab.com?utm_medium=embed&amp;utm_source=website&amp;utm_campain=share-popup\" target=\"_blank\">Sketchfab<\/a><\/p>\n<h4>Gavrinis<\/h4>\n<p><a href=\"https:\/\/www.keris-studio.fr\/blog\/wp-content\/image-16.png\"><img loading=\"lazy\" decoding=\"async\" style=\"background-image: none; padding-top: 0px; padding-left: 0px; margin: 0px; display: inline; padding-right: 0px; border-width: 0px;\" title=\"image\" src=\"https:\/\/www.keris-studio.fr\/blog\/wp-content\/image_thumb-16.png\" alt=\"image\" width=\"1751\" height=\"870\" border=\"0\" \/><\/a><\/p>\n<p><a href=\"https:\/\/www.keris-studio.fr\/blog\/wp-content\/image-17.png\"><img loading=\"lazy\" decoding=\"async\" style=\"background-image: none; padding-top: 0px; padding-left: 0px; margin: 0px; display: inline; padding-right: 0px; border-width: 0px;\" title=\"image\" src=\"https:\/\/www.keris-studio.fr\/blog\/wp-content\/image_thumb-17.png\" alt=\"image\" width=\"1609\" height=\"862\" border=\"0\" \/><\/a><\/p>\n<p>&nbsp;<\/p>\n<p><iframe loading=\"lazy\" src=\"https:\/\/sketchfab.com\/models\/75395f517e8a4b5b8bff90535f7590e4\/embed?autostart=1\" width=\"640\" height=\"480\" frameborder=\"0\" allowfullscreen=\"allowfullscreen\"><\/iframe><\/p>\n<p style=\"font-size: 13px; font-weight: normal; margin: 5px; color: #4a4a4a;\"><a style=\"font-weight: bold; color: #1caad9;\" href=\"https:\/\/sketchfab.com\/models\/75395f517e8a4b5b8bff90535f7590e4?utm_medium=embed&amp;utm_source=website&amp;utm_campain=share-popup\" target=\"_blank\">Gavrinis general view<\/a> by <a style=\"font-weight: bold; color: #1caad9;\" href=\"https:\/\/sketchfab.com\/archinantes?utm_medium=embed&amp;utm_source=website&amp;utm_campain=share-popup\" target=\"_blank\">Laurent Lescop<\/a> on <a style=\"font-weight: bold; color: #1caad9;\" href=\"https:\/\/sketchfab.com?utm_medium=embed&amp;utm_source=website&amp;utm_campain=share-popup\" target=\"_blank\">Sketchfab<\/a><\/p>\n<h4>La dalle de couverture, enjeu du film.<\/h4>\n<p>A Gavrinis, la Dalle de Couverture n&rsquo;est pas accessible aux visiteurs.<\/p>\n<figure id=\"attachment_9577\" aria-describedby=\"caption-attachment-9577\" style=\"width: 935px\" class=\"wp-caption alignnone\"><a href=\"https:\/\/www.keris-studio.fr\/blog\/wp-content\/PLH-PS-S02-04.png\"><img loading=\"lazy\" decoding=\"async\" class=\"size-full wp-image-9577\" src=\"https:\/\/www.keris-studio.fr\/blog\/wp-content\/PLH-PS-S02-04.png\" alt=\"Gavrinis Laurent Lescop\" width=\"935\" height=\"657\" srcset=\"https:\/\/www.keris-studio.fr\/blog\/wp-content\/PLH-PS-S02-04.png 935w, https:\/\/www.keris-studio.fr\/blog\/wp-content\/PLH-PS-S02-04-300x211.png 300w, https:\/\/www.keris-studio.fr\/blog\/wp-content\/PLH-PS-S02-04-768x540.png 768w\" sizes=\"auto, (max-width: 935px) 100vw, 935px\" \/><\/a><figcaption id=\"caption-attachment-9577\" class=\"wp-caption-text\">Gavrinis Laurent Lescop<\/figcaption><\/figure>\n<figure id=\"attachment_9578\" aria-describedby=\"caption-attachment-9578\" style=\"width: 830px\" class=\"wp-caption alignnone\"><a href=\"https:\/\/www.keris-studio.fr\/blog\/wp-content\/PLH-PS-S02-01.png\"><img loading=\"lazy\" decoding=\"async\" class=\"size-full wp-image-9578\" src=\"https:\/\/www.keris-studio.fr\/blog\/wp-content\/PLH-PS-S02-01.png\" alt=\"Gavrinis Laurent Lescop\" width=\"830\" height=\"730\" srcset=\"https:\/\/www.keris-studio.fr\/blog\/wp-content\/PLH-PS-S02-01.png 830w, https:\/\/www.keris-studio.fr\/blog\/wp-content\/PLH-PS-S02-01-300x264.png 300w, https:\/\/www.keris-studio.fr\/blog\/wp-content\/PLH-PS-S02-01-768x675.png 768w\" sizes=\"auto, (max-width: 830px) 100vw, 830px\" \/><\/a><figcaption id=\"caption-attachment-9578\" class=\"wp-caption-text\">Gavrinis Laurent Lescop<\/figcaption><\/figure>\n<p><img loading=\"lazy\" decoding=\"async\" class=\"alignnone size-large wp-image-9579\" src=\"https:\/\/www.keris-studio.fr\/blog\/wp-content\/dalle-couverture-01-1024x627.png\" alt=\"dalle-couverture-01\" width=\"474\" height=\"290\" srcset=\"https:\/\/www.keris-studio.fr\/blog\/wp-content\/dalle-couverture-01-1024x627.png 1024w, https:\/\/www.keris-studio.fr\/blog\/wp-content\/dalle-couverture-01-300x184.png 300w, https:\/\/www.keris-studio.fr\/blog\/wp-content\/dalle-couverture-01-768x470.png 768w, https:\/\/www.keris-studio.fr\/blog\/wp-content\/dalle-couverture-01.png 1491w\" sizes=\"auto, (max-width: 474px) 100vw, 474px\" \/><\/p>\n<p><a href=\"https:\/\/www.keris-studio.fr\/blog\/wp-content\/dalle-couverture-02.png\"><img loading=\"lazy\" decoding=\"async\" class=\"alignnone size-large wp-image-9580\" src=\"https:\/\/www.keris-studio.fr\/blog\/wp-content\/dalle-couverture-02-1024x577.png\" alt=\"dalle-couverture-02\" width=\"474\" height=\"267\" srcset=\"https:\/\/www.keris-studio.fr\/blog\/wp-content\/dalle-couverture-02-1024x577.png 1024w, https:\/\/www.keris-studio.fr\/blog\/wp-content\/dalle-couverture-02-300x169.png 300w, https:\/\/www.keris-studio.fr\/blog\/wp-content\/dalle-couverture-02-768x432.png 768w, https:\/\/www.keris-studio.fr\/blog\/wp-content\/dalle-couverture-02.png 1476w\" sizes=\"auto, (max-width: 474px) 100vw, 474px\" \/><\/a><\/p>\n<p>Scupture 3D<\/p>\n<p><img loading=\"lazy\" decoding=\"async\" class=\"size-large wp-image-9576\" src=\"https:\/\/www.keris-studio.fr\/blog\/wp-content\/p10-sculpture04-1024x617.png\" alt=\"Gavrinis Laurent Lescop\" width=\"474\" height=\"286\" srcset=\"https:\/\/www.keris-studio.fr\/blog\/wp-content\/p10-sculpture04-1024x617.png 1024w, https:\/\/www.keris-studio.fr\/blog\/wp-content\/p10-sculpture04-300x181.png 300w, https:\/\/www.keris-studio.fr\/blog\/wp-content\/p10-sculpture04-768x463.png 768w, https:\/\/www.keris-studio.fr\/blog\/wp-content\/p10-sculpture04.png 1201w\" sizes=\"auto, (max-width: 474px) 100vw, 474px\" \/><\/p>\n<p><iframe loading=\"lazy\" src=\"https:\/\/sketchfab.com\/models\/fc35160d9af94b359e490ec4e0afdb94\/embed?autostart=1\" width=\"600\" height=\"470\" frameborder=\"0\" allowfullscreen=\"allowfullscreen\"><\/iframe><\/p>\n<p style=\"font-size: 13px; font-weight: normal; margin: 5px; color: #4a4a4a;\"><a style=\"font-weight: bold; color: #1caad9;\" href=\"https:\/\/sketchfab.com\/models\/fc35160d9af94b359e490ec4e0afdb94?utm_medium=embed&amp;utm_source=website&amp;utm_campain=share-popup\" target=\"_blank\">Gavrinis- dalle de couverture<\/a><br \/>\nby <a style=\"font-weight: bold; color: #1caad9;\" href=\"https:\/\/sketchfab.com\/archinantes?utm_medium=embed&amp;utm_source=website&amp;utm_campain=share-popup\" target=\"_blank\">Laurent Lescop<\/a><br \/>\non <a style=\"font-weight: bold; color: #1caad9;\" href=\"https:\/\/sketchfab.com?utm_medium=embed&amp;utm_source=website&amp;utm_campain=share-popup\" target=\"_blank\">Sketchfab<\/a><\/p>\n<h4>Le raccord<\/h4>\n<p>Raccord Gavrinis &#8211; Table des Marchands<\/p>\n<p><figure id=\"attachment_9585\" aria-describedby=\"caption-attachment-9585\" style=\"width: 474px\" class=\"wp-caption alignnone\"><a href=\"https:\/\/www.keris-studio.fr\/blog\/wp-content\/raccord.png\"><img loading=\"lazy\" decoding=\"async\" class=\"size-large wp-image-9585\" src=\"https:\/\/www.keris-studio.fr\/blog\/wp-content\/raccord-1024x664.png\" alt=\"raccord Gavrinis Table des Marchands\" width=\"474\" height=\"307\" srcset=\"https:\/\/www.keris-studio.fr\/blog\/wp-content\/raccord-1024x664.png 1024w, https:\/\/www.keris-studio.fr\/blog\/wp-content\/raccord-300x194.png 300w, https:\/\/www.keris-studio.fr\/blog\/wp-content\/raccord-768x498.png 768w, https:\/\/www.keris-studio.fr\/blog\/wp-content\/raccord.png 1037w\" sizes=\"auto, (max-width: 474px) 100vw, 474px\" \/><\/a><figcaption id=\"caption-attachment-9585\" class=\"wp-caption-text\">raccord Gavrinis Table des Marchands<\/figcaption><\/figure><br \/>\n<iframe loading=\"lazy\" width=\"640\" height=\"550\" src=\"https:\/\/sketchfab.com\/models\/a32bfe6901bc490ebbe735019721acc9\/embed?autostart=1\" frameborder=\"0\" allowfullscreen mozallowfullscreen=\"true\" webkitallowfullscreen=\"true\" onmousewheel=\"\"><\/iframe><\/p>\n<p style=\"font-size: 13px; font-weight: normal; margin: 5px; color: #4A4A4A;\">\n    <a href=\"https:\/\/sketchfab.com\/models\/a32bfe6901bc490ebbe735019721acc9?utm_medium=embed&#038;utm_source=website&#038;utm_campain=share-popup\" target=\"_blank\" style=\"font-weight: bold; color: #1CAAD9;\">&#8211;DALLES&#8211;<\/a><br \/>\n    by <a href=\"https:\/\/sketchfab.com\/archinantes?utm_medium=embed&#038;utm_source=website&#038;utm_campain=share-popup\" target=\"_blank\" style=\"font-weight: bold; color: #1CAAD9;\">Laurent Lescop<\/a><br \/>\n    on <a href=\"https:\/\/sketchfab.com?utm_medium=embed&#038;utm_source=website&#038;utm_campain=share-popup\" target=\"_blank\" style=\"font-weight: bold; color: #1CAAD9;\">Sketchfab<\/a>\n<\/p>\n<p><em>A suivre\u2026<\/em><\/p>\n","protected":false},"excerpt":{"rendered":"<p>L\u2019\u00e9nigme du grand menhir est un documentaire de 52 minutes r\u00e9alis\u00e9 par Marie-Anne Sorba et Jean-Marc Cazenave pour Fred Hilgemann films. Le documentaire suit le cheminement scientifique de l\u2019anthropologue et arch\u00e9ologue Serge Cassen.<\/p>\n","protected":false},"author":2,"featured_media":9523,"comment_status":"open","ping_status":"open","sticky":false,"template":"","format":"standard","meta":{"footnotes":""},"categories":[6,117,14,107],"tags":[301,325,18,307,273],"class_list":["post-9519","post","type-post","status-publish","format-standard","has-post-thumbnail","hentry","category-3d","category-archeologie","category-conception","category-gavrinis","tag-3d","tag-bretagne","tag-film","tag-gavrinis","tag-grand-menhir"],"_links":{"self":[{"href":"https:\/\/www.keris-studio.fr\/blog\/index.php?rest_route=\/wp\/v2\/posts\/9519","targetHints":{"allow":["GET"]}}],"collection":[{"href":"https:\/\/www.keris-studio.fr\/blog\/index.php?rest_route=\/wp\/v2\/posts"}],"about":[{"href":"https:\/\/www.keris-studio.fr\/blog\/index.php?rest_route=\/wp\/v2\/types\/post"}],"author":[{"embeddable":true,"href":"https:\/\/www.keris-studio.fr\/blog\/index.php?rest_route=\/wp\/v2\/users\/2"}],"replies":[{"embeddable":true,"href":"https:\/\/www.keris-studio.fr\/blog\/index.php?rest_route=%2Fwp%2Fv2%2Fcomments&post=9519"}],"version-history":[{"count":14,"href":"https:\/\/www.keris-studio.fr\/blog\/index.php?rest_route=\/wp\/v2\/posts\/9519\/revisions"}],"predecessor-version":[{"id":9586,"href":"https:\/\/www.keris-studio.fr\/blog\/index.php?rest_route=\/wp\/v2\/posts\/9519\/revisions\/9586"}],"wp:featuredmedia":[{"embeddable":true,"href":"https:\/\/www.keris-studio.fr\/blog\/index.php?rest_route=\/wp\/v2\/media\/9523"}],"wp:attachment":[{"href":"https:\/\/www.keris-studio.fr\/blog\/index.php?rest_route=%2Fwp%2Fv2%2Fmedia&parent=9519"}],"wp:term":[{"taxonomy":"category","embeddable":true,"href":"https:\/\/www.keris-studio.fr\/blog\/index.php?rest_route=%2Fwp%2Fv2%2Fcategories&post=9519"},{"taxonomy":"post_tag","embeddable":true,"href":"https:\/\/www.keris-studio.fr\/blog\/index.php?rest_route=%2Fwp%2Fv2%2Ftags&post=9519"}],"curies":[{"name":"wp","href":"https:\/\/api.w.org\/{rel}","templated":true}]}}