{"id":8601,"date":"2015-05-14T13:38:25","date_gmt":"2015-05-14T12:38:25","guid":{"rendered":"http:\/\/www.keris-studio.fr\/blog\/?p=8601"},"modified":"2015-05-14T13:45:26","modified_gmt":"2015-05-14T12:45:26","slug":"la-stle-manquante-making-off","status":"publish","type":"post","link":"https:\/\/www.keris-studio.fr\/blog\/?p=8601","title":{"rendered":"La st&egrave;le Manquante : making off"},"content":{"rendered":"<p>Le film \u201cLa St\u00e8le Manquante\u201d est \u00e9crit par Marie-Anne Sorba, r\u00e9alis\u00e9 par Marie-Anne Sorba et Jean-Marc Cazenave tourn\u00e9 durant le mois d\u2019avril 2015.<\/p>\n<p><a href=\"https:\/\/www.keris-studio.fr\/blog\/wp-content\/image585.png\"><img loading=\"lazy\" decoding=\"async\" style=\"background-image: none; padding-top: 0px; padding-left: 0px; margin: 0px; display: inline; padding-right: 0px; border-width: 0px;\" title=\"image\" src=\"https:\/\/www.keris-studio.fr\/blog\/wp-content\/image_thumb579.png\" alt=\"image\" width=\"1024\" height=\"636\" border=\"0\" \/><\/a><!--more--><\/p>\n<p><a href=\"https:\/\/www.keris-studio.fr\/blog\/wp-content\/image586.png\"><img loading=\"lazy\" decoding=\"async\" style=\"background-image: none; padding-top: 0px; padding-left: 0px; margin: 0px; display: inline; padding-right: 0px; border-width: 0px;\" title=\"image\" src=\"https:\/\/www.keris-studio.fr\/blog\/wp-content\/image_thumb580.png\" alt=\"image\" width=\"1024\" height=\"550\" border=\"0\" \/><\/a><\/p>\n<p><a href=\"https:\/\/www.keris-studio.fr\/blog\/wp-content\/image587.png\"><img loading=\"lazy\" decoding=\"async\" style=\"background-image: none; padding-top: 0px; padding-left: 0px; margin: 0px; display: inline; padding-right: 0px; border-width: 0px;\" title=\"image\" src=\"https:\/\/www.keris-studio.fr\/blog\/wp-content\/image_thumb581.png\" alt=\"image\" width=\"1024\" height=\"511\" border=\"0\" \/><\/a><\/p>\n<p><a href=\"https:\/\/www.keris-studio.fr\/blog\/wp-content\/image588.png\"><img loading=\"lazy\" decoding=\"async\" style=\"background-image: none; padding-top: 0px; padding-left: 0px; margin: 0px; display: inline; padding-right: 0px; border-width: 0px;\" title=\"image\" src=\"https:\/\/www.keris-studio.fr\/blog\/wp-content\/image_thumb582.png\" alt=\"image\" width=\"1024\" height=\"413\" border=\"0\" \/><\/a><\/p>\n<p><a href=\"https:\/\/www.keris-studio.fr\/blog\/wp-content\/image589.png\"><img loading=\"lazy\" decoding=\"async\" style=\"background-image: none; padding-top: 0px; padding-left: 0px; margin: 0px; display: inline; padding-right: 0px; border-width: 0px;\" title=\"image\" src=\"https:\/\/www.keris-studio.fr\/blog\/wp-content\/image_thumb583.png\" alt=\"image\" width=\"1024\" height=\"523\" border=\"0\" \/><\/a><\/p>\n<p align=\"justify\">En accompagnement des prises de vues r\u00e9elles, a \u00e9t\u00e9 effectu\u00e9 un relev\u00e9 3D en photomod\u00e9lisation et en lasergrammetrie.<\/p>\n<p><a href=\"https:\/\/www.keris-studio.fr\/blog\/wp-content\/image590.png\"><img loading=\"lazy\" decoding=\"async\" style=\"background-image: none; padding-top: 0px; padding-left: 0px; margin: 0px; display: inline; padding-right: 0px; border-width: 0px;\" title=\"image\" src=\"https:\/\/www.keris-studio.fr\/blog\/wp-content\/image_thumb584.png\" alt=\"image\" width=\"948\" height=\"510\" border=\"0\" \/><\/a><\/p>\n<p><a href=\"https:\/\/www.keris-studio.fr\/blog\/wp-content\/image591.png\"><img loading=\"lazy\" decoding=\"async\" style=\"background-image: none; padding-top: 0px; padding-left: 0px; margin: 0px; display: inline; padding-right: 0px; border-width: 0px;\" title=\"image\" src=\"https:\/\/www.keris-studio.fr\/blog\/wp-content\/image_thumb585.png\" alt=\"image\" width=\"950\" height=\"584\" border=\"0\" \/><\/a><\/p>\n<p>Le nuage de points<\/p>\n<p><a href=\"https:\/\/www.keris-studio.fr\/blog\/wp-content\/image592.png\"><img loading=\"lazy\" decoding=\"async\" style=\"background-image: none; padding-top: 0px; padding-left: 0px; margin: 0px; display: inline; padding-right: 0px; border-width: 0px;\" title=\"image\" src=\"https:\/\/www.keris-studio.fr\/blog\/wp-content\/image_thumb586.png\" alt=\"image\" width=\"1024\" height=\"225\" border=\"0\" \/><\/a><\/p>\n<p>Le nuage de points en fausses couleurs (intensit\u00e9).<\/p>\n<p><a href=\"https:\/\/www.keris-studio.fr\/blog\/wp-content\/image593.png\"><img loading=\"lazy\" decoding=\"async\" style=\"background-image: none; padding-top: 0px; padding-left: 0px; margin: 0px; display: inline; padding-right: 0px; border-width: 0px;\" title=\"image\" src=\"https:\/\/www.keris-studio.fr\/blog\/wp-content\/image_thumb587.png\" alt=\"image\" width=\"888\" height=\"338\" border=\"0\" \/><\/a><\/p>\n<p>La photogramm\u00e9trie : la table des Marchands<\/p>\n<p><a href=\"https:\/\/www.keris-studio.fr\/blog\/wp-content\/TDM-V1d.jpg\"><img loading=\"lazy\" decoding=\"async\" style=\"background-image: none; padding-top: 0px; padding-left: 0px; display: inline; padding-right: 0px; border-width: 0px;\" title=\"TDM-V1d\" src=\"https:\/\/www.keris-studio.fr\/blog\/wp-content\/TDM-V1d_thumb.jpg\" alt=\"TDM-V1d\" width=\"1024\" height=\"513\" border=\"0\" \/><\/a><\/p>\n<p><a href=\"https:\/\/www.keris-studio.fr\/blog\/wp-content\/TDM-V1b.jpg\"><img loading=\"lazy\" decoding=\"async\" style=\"background-image: none; padding-top: 0px; padding-left: 0px; display: inline; padding-right: 0px; border-width: 0px;\" title=\"TDM-V1b\" src=\"https:\/\/www.keris-studio.fr\/blog\/wp-content\/TDM-V1b_thumb.jpg\" alt=\"TDM-V1b\" width=\"1024\" height=\"521\" border=\"0\" \/><\/a><\/p>\n<p><a href=\"https:\/\/www.keris-studio.fr\/blog\/wp-content\/TDM-V1a.jpg\"><img loading=\"lazy\" decoding=\"async\" style=\"background-image: none; padding-top: 0px; padding-left: 0px; display: inline; padding-right: 0px; border-width: 0px;\" title=\"TDM-V1a\" src=\"https:\/\/www.keris-studio.fr\/blog\/wp-content\/TDM-V1a_thumb.jpg\" alt=\"TDM-V1a\" width=\"1024\" height=\"392\" border=\"0\" \/><\/a><\/p>\n<p><a href=\"https:\/\/www.keris-studio.fr\/blog\/wp-content\/TDM-Couloir-ext08.png\"><img loading=\"lazy\" decoding=\"async\" style=\"background-image: none; padding-top: 0px; padding-left: 0px; display: inline; padding-right: 0px; border-width: 0px;\" title=\"TDM-Couloir-ext08\" src=\"https:\/\/www.keris-studio.fr\/blog\/wp-content\/TDM-Couloir-ext08_thumb.png\" alt=\"TDM-Couloir-ext08\" width=\"1024\" height=\"252\" border=\"0\" \/><\/a><\/p>\n<p>Le Grand Menhir<\/p>\n<p><a href=\"https:\/\/www.keris-studio.fr\/blog\/wp-content\/GM-00.png\"><img loading=\"lazy\" decoding=\"async\" style=\"background-image: none; padding-top: 0px; padding-left: 0px; margin: 0px; display: inline; padding-right: 0px; border-width: 0px;\" title=\"GM-00\" src=\"https:\/\/www.keris-studio.fr\/blog\/wp-content\/GM-00_thumb.png\" alt=\"GM-00\" width=\"1024\" height=\"377\" border=\"0\" \/><\/a><\/p>\n<p><a href=\"https:\/\/www.keris-studio.fr\/blog\/wp-content\/GM-03.png\"><img loading=\"lazy\" decoding=\"async\" style=\"background-image: none; padding-top: 0px; padding-left: 0px; display: inline; padding-right: 0px; border-width: 0px;\" title=\"GM-03\" src=\"https:\/\/www.keris-studio.fr\/blog\/wp-content\/GM-03_thumb.png\" alt=\"GM-03\" width=\"1024\" height=\"377\" border=\"0\" \/><\/a><\/p>\n<p>Extraits du film<\/p>\n<p><iframe loading=\"lazy\" src=\"https:\/\/www.youtube.com\/embed\/hiCMiCzdH6o\" width=\"560\" height=\"315\" frameborder=\"0\" allowfullscreen=\"allowfullscreen\"><\/iframe><\/p>\n<p>&nbsp;<\/p>\n<p>G\u00e9n\u00e9rique :<\/p>\n<p align=\"center\">R\u00e9alisation : <br clear=\"all\" \/>Marie-Anne Sorba et Jean-Marc Cazenave<\/p>\n<p align=\"center\">Image 3D<br clear=\"all\" \/>Laurent Lescop<br clear=\"all\" \/>Ecole Nationale Sup\u00e9rieure d\u2019Architecture de Nantes<br clear=\"all\" \/>Laboratoire CRENAU<\/p>\n<p align=\"center\">Didier&amp;Marie Morel<br clear=\"all\" \/>Morel Mapping WorkShop \u2013 Vannes<\/p>\n<p align=\"center\">Sc\u00e9nario<br clear=\"all\" \/>Marie-Anne Sorba<\/p>\n<p align=\"center\">Montage<br clear=\"all\" \/>Jean-Marc Cazenave<\/p>\n<p align=\"center\">Musique originale<br clear=\"all\" \/>Eric Lavallade<br clear=\"all\" \/>Mh\u00e9ni Amazouz<\/p>\n<p align=\"center\">Chef op\u00e9rateur prise de vue<br clear=\"all\" \/>Olivier Barbier<\/p>\n<p align=\"center\">Op\u00e9rateur grue<br clear=\"all\" \/>Yann le Gallic<\/p>\n<p align=\"center\">Sons additionnels voix mixage<br clear=\"all\" \/>Jean-Marc Cazenave<\/p>\n<p align=\"center\">Production<br clear=\"all\" \/>Fred Hilgemann Films<\/p>\n<p align=\"center\">Partenaires<br clear=\"all\" \/>Centre des Monuments Nationaux<br clear=\"all\" \/>Conseil D\u00e9partemental du Morbihan<\/p>\n<p align=\"center\">FHF-2015<\/p>\n","protected":false},"excerpt":{"rendered":"<p>Le film \u201cLa St\u00e8le Manquante\u201d est \u00e9crit par Marie-Anne Sorba, r\u00e9alis\u00e9 par Marie-Anne Sorba et Jean-Marc Cazenave tourn\u00e9 durant le mois d\u2019avril 2015.<\/p>\n","protected":false},"author":2,"featured_media":8605,"comment_status":"open","ping_status":"open","sticky":false,"template":"","format":"standard","meta":{"footnotes":""},"categories":[6,14,195,147,26],"tags":[273,272],"class_list":["post-8601","post","type-post","status-publish","format-standard","has-post-thumbnail","hentry","category-3d","category-conception","category-creation","category-photomodelisation","category-production","tag-grand-menhir","tag-table-des-marchands"],"_links":{"self":[{"href":"https:\/\/www.keris-studio.fr\/blog\/index.php?rest_route=\/wp\/v2\/posts\/8601","targetHints":{"allow":["GET"]}}],"collection":[{"href":"https:\/\/www.keris-studio.fr\/blog\/index.php?rest_route=\/wp\/v2\/posts"}],"about":[{"href":"https:\/\/www.keris-studio.fr\/blog\/index.php?rest_route=\/wp\/v2\/types\/post"}],"author":[{"embeddable":true,"href":"https:\/\/www.keris-studio.fr\/blog\/index.php?rest_route=\/wp\/v2\/users\/2"}],"replies":[{"embeddable":true,"href":"https:\/\/www.keris-studio.fr\/blog\/index.php?rest_route=%2Fwp%2Fv2%2Fcomments&post=8601"}],"version-history":[{"count":3,"href":"https:\/\/www.keris-studio.fr\/blog\/index.php?rest_route=\/wp\/v2\/posts\/8601\/revisions"}],"predecessor-version":[{"id":8604,"href":"https:\/\/www.keris-studio.fr\/blog\/index.php?rest_route=\/wp\/v2\/posts\/8601\/revisions\/8604"}],"wp:featuredmedia":[{"embeddable":true,"href":"https:\/\/www.keris-studio.fr\/blog\/index.php?rest_route=\/wp\/v2\/media\/8605"}],"wp:attachment":[{"href":"https:\/\/www.keris-studio.fr\/blog\/index.php?rest_route=%2Fwp%2Fv2%2Fmedia&parent=8601"}],"wp:term":[{"taxonomy":"category","embeddable":true,"href":"https:\/\/www.keris-studio.fr\/blog\/index.php?rest_route=%2Fwp%2Fv2%2Fcategories&post=8601"},{"taxonomy":"post_tag","embeddable":true,"href":"https:\/\/www.keris-studio.fr\/blog\/index.php?rest_route=%2Fwp%2Fv2%2Ftags&post=8601"}],"curies":[{"name":"wp","href":"https:\/\/api.w.org\/{rel}","templated":true}]}}