{"id":7597,"date":"2014-08-18T13:08:00","date_gmt":"2014-08-18T12:08:00","guid":{"rendered":"http:\/\/www.keris-studio.fr\/blog\/?p=7597"},"modified":"2015-02-01T13:10:02","modified_gmt":"2015-02-01T12:10:02","slug":"gavrinis-france-3-bretagne","status":"publish","type":"post","link":"https:\/\/www.keris-studio.fr\/blog\/?p=7597","title":{"rendered":"Gavrinis, France 3 Bretagne"},"content":{"rendered":"<p>Reportage de Catherine Bazille et St\u00e9phanie Labrousse : <a title=\"http:\/\/france3-regions.francetvinfo.fr\/bretagne\/2014\/08\/18\/le-cairn-de-gavrinis-un-art-bien-mysterieux-vieux-de-6000-ans-533928.html\" href=\"http:\/\/france3-regions.francetvinfo.fr\/bretagne\/2014\/08\/18\/le-cairn-de-gavrinis-un-art-bien-mysterieux-vieux-de-6000-ans-533928.html\">http:\/\/france3-regions.francetvinfo.fr\/bretagne\/2014\/08\/18\/le-cairn-de-gavrinis-un-art-bien-mysterieux-vieux-de-6000-ans-533928.html<\/a><\/p>\n<p align=\"justify\"><strong>Par Krystell Veillard<\/strong><\/p>\n<h4 align=\"justify\">Le Cairn de Gavrinis : un art bien myst\u00e9rieux, vieux de 6000 ans<\/h4>\n<p align=\"justify\">Le Golfe du Morbihan abrite un ensemble de m\u00e9galithes de l&rsquo;\u00e8re n\u00e9olithique unique en Europe. Parmi eux, le cairn de Gavrinis situ\u00e9 sur l&rsquo;\u00eele du m\u00eame nom. R\u00e9put\u00e9 pour ses pierres grav\u00e9es aussi belles qu&rsquo;\u00e9tranges, il est \u00e0 d\u00e9couvrir jusqu&rsquo;\u00e0 la fin du mois de septembre. <\/p>\n<ul>\n<li>\n<div align=\"justify\">Publi\u00e9 le 18\/08\/2014 | 10:38, mis \u00e0 jour le 18\/08\/2014 | 11:48<\/div>\n<\/li>\n<\/ul>\n<p align=\"justify\"><img loading=\"lazy\" decoding=\"async\" alt=\"&copy; France 3 Bretagne\" src=\"http:\/\/france3-regions.francetvinfo.fr\/bretagne\/sites\/regions_france3\/files\/styles\/top_big\/public\/assets\/images\/2014\/08\/18\/vlcsnap-2014-08-18-10h36m41s189.png?itok=e4p47tQr\" width=\"640\" height=\"360\"><\/p>\n<p align=\"justify\">\u00a9 France 3 Bretagne <\/p>\n<p align=\"justify\">Les dessins du Cairn de Gavrinis ont travers\u00e9 les mill\u00e9naires \u00e0 l&rsquo;abri des regards. Des formes g\u00e9om\u00e9triques trac\u00e9es dans le granit par des hommes qui vivaient en Bretagne il y a 6000 ans\u2026 C&rsquo;est sur une \u00eele, aux portes du Golfe du Morbihan que le monument abrite ces pierres grav\u00e9es. On s&rsquo;y rend en bateau depuis Larmor-Baden. Et dix minutes de navigation suffisent, pour apercevoir le tumulus perch\u00e9 sur une colline.  <\/p>\n<p align=\"justify\">Une oeuvre du N\u00e9olithique <\/p>\n<p align=\"justify\">D\u00e9couvert en 1832, le cairn a \u00e9t\u00e9 longtemps consid\u00e9r\u00e9 comme l&rsquo;oeuvre des Celtes. L&rsquo;arch\u00e9ologie moderne a prouv\u00e9 qu&rsquo;il appartient bien aux temps n\u00e9olithiques. C&rsquo;est l&rsquo;une des toutes premi\u00e8res traces de l&rsquo;architecture occidentale. <br \/>Ces hommes du N\u00e9olithique \u00e9taient des agriculteurs-\u00e9leveurs, une population s\u00e9dentaire, qui travaillait la terre. La pierre en revanche qui d\u00e9fie le temps, ils la r\u00e9servent \u00e0 des constructions d&rsquo;exception. Comme ce cairn de 500 m\u00e8tres. <\/p>\n<p align=\"justify\">Des dessins grav\u00e9s tr\u00e8s \u00e9nigmatiques <\/p>\n<p align=\"justify\">Sous la terre et les pierres, un dolmen \u00e0 long couloir m\u00e8ne \u00e0 une salle qui aurait pu \u00eatre un tombeau. Toutes les parois sont grav\u00e9es. Message ou d\u00e9cor\u2026 Le sens de ces dessins \u00e9tranges reste une \u00e9nigme pour les arch\u00e9ologues.<br \/>Certaines gravures ont \u00e9t\u00e9 identifi\u00e9es comme \u00e9tant des \u00e9cussons, des lames de hache ou des fl\u00e8ches. Une vaste \u00e9tude tente actuellement de percer les myst\u00e8res de ces lignes\u2026&nbsp; De comprendre l&rsquo;incroyable travail de titan qui a permis au cairn de parvenir jusqu&rsquo;\u00e0 nous. Une part d&rsquo;histoire que vous pouvez venir d\u00e9couvrir jusqu&rsquo;\u00e0 la fin du mois de septembre.<\/p>\n<p><iframe loading=\"lazy\" height=\"359\" src=\"http:\/\/api.dmcloud.net\/player\/embed\/4f3d114d94a6f66945000325\/53f1ba889473993981253a3d\/6d388806e14749289cfaf2468ab71312?exported=1\" frameborder=\"0\" width=\"640\"><\/iframe><\/p>\n","protected":false},"excerpt":{"rendered":"<p>Reportage de Catherine Bazille et St\u00e9phanie Labrousse : http:\/\/france3-regions.francetvinfo.fr\/bretagne\/2014\/08\/18\/le-cairn-de-gavrinis-un-art-bien-mysterieux-vieux-de-6000-ans-533928.html Par Krystell Veillard Le Cairn de Gavrinis : un art bien myst\u00e9rieux, vieux de 6000 ans Le Golfe du Morbihan abrite un ensemble de m\u00e9galithes de l&rsquo;\u00e8re n\u00e9olithique unique en Europe. Parmi eux, le cairn de Gavrinis situ\u00e9 sur l&rsquo;\u00eele du m\u00eame nom. R\u00e9put\u00e9 pour ses &hellip; <a href=\"https:\/\/www.keris-studio.fr\/blog\/?p=7597\" class=\"more-link\">Continuer la lecture de <span class=\"screen-reader-text\">Gavrinis, France 3 Bretagne<\/span>  <span class=\"meta-nav\">&rarr;<\/span><\/a><\/p>\n","protected":false},"author":2,"featured_media":0,"comment_status":"open","ping_status":"open","sticky":false,"template":"","format":"standard","meta":{"footnotes":""},"categories":[107,145],"tags":[307,310,241],"class_list":["post-7597","post","type-post","status-publish","format-standard","hentry","category-gavrinis","category-presse","tag-gavrinis","tag-presse","tag-reportage"],"_links":{"self":[{"href":"https:\/\/www.keris-studio.fr\/blog\/index.php?rest_route=\/wp\/v2\/posts\/7597","targetHints":{"allow":["GET"]}}],"collection":[{"href":"https:\/\/www.keris-studio.fr\/blog\/index.php?rest_route=\/wp\/v2\/posts"}],"about":[{"href":"https:\/\/www.keris-studio.fr\/blog\/index.php?rest_route=\/wp\/v2\/types\/post"}],"author":[{"embeddable":true,"href":"https:\/\/www.keris-studio.fr\/blog\/index.php?rest_route=\/wp\/v2\/users\/2"}],"replies":[{"embeddable":true,"href":"https:\/\/www.keris-studio.fr\/blog\/index.php?rest_route=%2Fwp%2Fv2%2Fcomments&post=7597"}],"version-history":[{"count":1,"href":"https:\/\/www.keris-studio.fr\/blog\/index.php?rest_route=\/wp\/v2\/posts\/7597\/revisions"}],"predecessor-version":[{"id":7598,"href":"https:\/\/www.keris-studio.fr\/blog\/index.php?rest_route=\/wp\/v2\/posts\/7597\/revisions\/7598"}],"wp:attachment":[{"href":"https:\/\/www.keris-studio.fr\/blog\/index.php?rest_route=%2Fwp%2Fv2%2Fmedia&parent=7597"}],"wp:term":[{"taxonomy":"category","embeddable":true,"href":"https:\/\/www.keris-studio.fr\/blog\/index.php?rest_route=%2Fwp%2Fv2%2Fcategories&post=7597"},{"taxonomy":"post_tag","embeddable":true,"href":"https:\/\/www.keris-studio.fr\/blog\/index.php?rest_route=%2Fwp%2Fv2%2Ftags&post=7597"}],"curies":[{"name":"wp","href":"https:\/\/api.w.org\/{rel}","templated":true}]}}