{"id":654,"date":"2010-07-25T10:32:28","date_gmt":"2010-07-25T09:32:28","guid":{"rendered":"http:\/\/www.keris-studio.fr\/blog\/?p=654"},"modified":"2014-10-26T08:51:48","modified_gmt":"2014-10-26T07:51:48","slug":"naexus-0-1-au-gersa","status":"publish","type":"post","link":"https:\/\/www.keris-studio.fr\/blog\/?p=654","title":{"rendered":"Naexus 0.1 au gersa"},"content":{"rendered":"<p>La premi\u00e8re version de Naexus est actuellement mont\u00e9e au GERSA. Stefan Baumeier en assure le d\u00e9veloppement.<\/p>\n<p><a href=\"https:\/\/www.keris-studio.fr\/blog\/wp-content\/PIC1007220071.jpg\"><img loading=\"lazy\" decoding=\"async\" style=\"display: inline; border-width: 0px;\" title=\"PIC100722007[1]\" src=\"https:\/\/www.keris-studio.fr\/blog\/wp-content\/PIC1007220071_thumb.jpg\" alt=\"PIC100722007[1]\" width=\"244\" height=\"184\" border=\"0\" \/><\/a>\u00a0 <a href=\"https:\/\/www.keris-studio.fr\/blog\/wp-content\/PIC1007220061.jpg\"><img loading=\"lazy\" decoding=\"async\" style=\"display: inline; border-width: 0px;\" title=\"PIC100722006[1]\" src=\"https:\/\/www.keris-studio.fr\/blog\/wp-content\/PIC1007220061_thumb.jpg\" alt=\"PIC100722006[1]\" width=\"244\" height=\"184\" border=\"0\" \/><\/a><\/p>\n<p>La projection d\u2019une image unique sur quatre \u00e9crans est programm\u00e9e pour Scopitone 2010.<\/p>\n","protected":false},"excerpt":{"rendered":"<p>La premi\u00e8re version de Naexus est actuellement mont\u00e9e au GERSA. Stefan Baumeier en assure le d\u00e9veloppement. \u00a0 La projection d\u2019une image unique sur quatre \u00e9crans est programm\u00e9e pour Scopitone 2010.<\/p>\n","protected":false},"author":1,"featured_media":0,"comment_status":"open","ping_status":"open","sticky":false,"template":"","format":"standard","meta":{"footnotes":""},"categories":[6,14,25,8,191,26],"tags":[97,96],"class_list":["post-654","post","type-post","status-publish","format-standard","hentry","category-3d","category-conception","category-etats-de-lart","category-methodologie","category-naexus-2","category-production","tag-projection","tag-realite-virtuelle"],"_links":{"self":[{"href":"https:\/\/www.keris-studio.fr\/blog\/index.php?rest_route=\/wp\/v2\/posts\/654","targetHints":{"allow":["GET"]}}],"collection":[{"href":"https:\/\/www.keris-studio.fr\/blog\/index.php?rest_route=\/wp\/v2\/posts"}],"about":[{"href":"https:\/\/www.keris-studio.fr\/blog\/index.php?rest_route=\/wp\/v2\/types\/post"}],"author":[{"embeddable":true,"href":"https:\/\/www.keris-studio.fr\/blog\/index.php?rest_route=\/wp\/v2\/users\/1"}],"replies":[{"embeddable":true,"href":"https:\/\/www.keris-studio.fr\/blog\/index.php?rest_route=%2Fwp%2Fv2%2Fcomments&post=654"}],"version-history":[{"count":2,"href":"https:\/\/www.keris-studio.fr\/blog\/index.php?rest_route=\/wp\/v2\/posts\/654\/revisions"}],"predecessor-version":[{"id":3403,"href":"https:\/\/www.keris-studio.fr\/blog\/index.php?rest_route=\/wp\/v2\/posts\/654\/revisions\/3403"}],"wp:attachment":[{"href":"https:\/\/www.keris-studio.fr\/blog\/index.php?rest_route=%2Fwp%2Fv2%2Fmedia&parent=654"}],"wp:term":[{"taxonomy":"category","embeddable":true,"href":"https:\/\/www.keris-studio.fr\/blog\/index.php?rest_route=%2Fwp%2Fv2%2Fcategories&post=654"},{"taxonomy":"post_tag","embeddable":true,"href":"https:\/\/www.keris-studio.fr\/blog\/index.php?rest_route=%2Fwp%2Fv2%2Ftags&post=654"}],"curies":[{"name":"wp","href":"https:\/\/api.w.org\/{rel}","templated":true}]}}