{"id":3168,"date":"1992-03-21T17:10:00","date_gmt":"1992-03-21T16:10:00","guid":{"rendered":"http:\/\/www.keris-studio.fr\/blog\/?p=3168"},"modified":"2014-10-26T08:31:56","modified_gmt":"2014-10-26T07:31:56","slug":"a-propos-de-graslon-gunol-de-ker-ys","status":"publish","type":"post","link":"https:\/\/www.keris-studio.fr\/blog\/?p=3168","title":{"rendered":"A propos de Graslon, Gu&eacute;nol&eacute;, de Ker Ys"},"content":{"rendered":"<p align=\"justify\"><a href=\"file:\/\/\/N:\/travail\/travail LL\/archives these\/YSWEB\/kerys\/#1\"><em>D&rsquo;apr\u00e8s le Dr Dubourg (1)<\/em><\/a> (Adaptation onirique)<\/p>\n<p align=\"justify\"><strong>Graslon et Gu\u00e9nol\u00e9 semble a priori \u00eatre bien plus authentique que la Ville d&rsquo;Is.<br \/>\nToutefois une \u00e9tude un peu pouss\u00e9e, montre assez rapidement que ce pourrait \u00eatre plut\u00f4t l&rsquo;inverse.<br \/>\nEt si l&rsquo;Histoire pointait l\u00e0 o\u00f9 on ne l&rsquo;attend pas!<\/strong><\/p>\n<p align=\"justify\"><strong>Beneac&rsquo;h et Koridwen sont \u00e0 Penmac&rsquo;h et font quelques pas sur le port. Un vent tr\u00e8s violent projette des embruns sur les promeneurs. Ils sont pratiquement oblig\u00e9s de hurler pour se faire entendre.<\/strong><\/p>\n<p align=\"justify\"><!--more--><\/p>\n<p align=\"justify\"><strong>Beneac&rsquo;h<\/strong> &#8211; Comment peut-on imaginer que Ker Is ait pu \u00eatre l\u00e0-bas au niveau des \u00ab\u00a0Roches de Penmac&rsquo;h\u00a0\u00bb. Qui peut imaginer s&rsquo;\u00e9tablir au milieu d&rsquo;une telle furie permanente?<\/p>\n<p align=\"justify\"><strong>Koridwen<\/strong> &#8211; Ces lieux offrent la vision de ce qu&rsquo;auraient \u00e9t\u00e9 les derniers instants de Ker Is, un jour d&rsquo;automne comme aujourd&rsquo;hui. Une mer d\u00e9mont\u00e9e que rien n&rsquo;arr\u00eate, une puissance divine&#8230;<\/p>\n<p align=\"justify\"><strong>A l&rsquo;\u00e9vocation de Ker Is, un vieillard se tenant tout proche lance fi\u00e8rement :<\/strong><\/p>\n<p align=\"justify\"><strong>Vieillard<\/strong> &#8211; Un de mes anc\u00eatres qu&rsquo;\u00e9tait pr\u00eatre, il allait faire la messe de Ker Is au dessus des pierres immerg\u00e9es.<br \/>\nVrai.<\/p>\n<p align=\"justify\"><strong>Beneac&rsquo;h<\/strong> &#8211; Contez-nous cela monsieur, je vous prie.<\/p>\n<p align=\"justify\"><strong>Vieillard<\/strong> &#8211; Comme je vous l&rsquo;ai dit, c&rsquo;\u00e9tait au d\u00e9but de l&rsquo;autre si\u00e8cle, c&rsquo;est mon grand p\u00e8re qui me racontait cela. Il le tenait de son grand p\u00e8re dont le fr\u00e8re \u00e9tait pr\u00eatre. Alors, ils allaient en barques entre le Guilvinec et Penmac&rsquo;h. Et l\u00e0 sous l&rsquo;eau \u00e0 5 ou 6 m\u00e8tres de fond on pouvait voir Ker Is. Maintenant, avec tout ce qu&rsquo;on nous fait de pollution, il faut savoir pour trouver. Alors les pr\u00eatres venaient une fois l&rsquo;an c\u00e9l\u00e9brer une messe pour Ker Is.<\/p>\n<p align=\"justify\"><strong>Beneac&rsquo;h<\/strong> &#8211; La tradition s&rsquo;est perp\u00e9tr\u00e9e?<\/p>\n<p align=\"justify\"><strong>Vieillard<\/strong> &#8211; Non je ne pense pas, il fallait \u00eatre acrobate pour c\u00e9l\u00e9brer dans son bateau. Mon cousin qu&rsquo;\u00e9tait \u00e0 Landevennec pr\u00e9f\u00e8re \u00e9couter France Culture au Walkman dans son tracteur, plut\u00f4t que de risquer de se jeter \u00e0 eau pour les malheureux de Ker Is! Allez adieu!<\/p>\n<p align=\"justify\"><strong>Le vieillard s&rsquo;\u00e9loigne et va s&rsquo;enqu\u00e9rir du r\u00e9sultat de la p\u00eache du matin. Sans nul doute aura-t-il un petit mot \u00e0 propos de ces deux touristes venus \u00e9voquer la Ville l\u00e9gendaire. Koridwen et Beneac&rsquo;h regagnent la voiture et se mettent en route vers la Pointe du Raz.<\/strong><\/p>\n<p align=\"justify\"><strong>Koridwen<\/strong> &#8211; Tu vois, le r\u00e9cit de Ker Is est vivant dans les m\u00e9moires. Les gens ici pensent que la ville a une r\u00e9alit\u00e9 incontestable, mais que des \u00e9crivains ont d\u00e9tourn\u00e9 cette r\u00e9alit\u00e9 \u00e0 leur propre profit. La transition date vraiment du XIX\u00e8me si\u00e8cle. Le renouveau moyen\u00e2geux a probablement entra\u00een\u00e9 une s\u00e9rie de recherches sur les sites l\u00e9gendaires. Les \u00e9crivains avides d&rsquo;histoires fortes s&#8217;empar\u00e8rent des grands th\u00e8mes traditionnels pour les fa\u00e7onner \u00e0 notre go\u00fbt.<\/p>\n<p align=\"justify\"><strong>Beneac&rsquo;h<\/strong> &#8211; Notre go\u00fbt?<\/p>\n<p align=\"justify\"><strong>Koridwen<\/strong> &#8211; Oui, le d\u00e9sir avide que nous avons des grandes \u00e9pop\u00e9es, des punitions divines, des ch\u00e2timents terribles. Un peu de magie, pas mal d&rsquo;amour, quelques portraits bien trouss\u00e9s, un soup\u00e7on de v\u00e9rit\u00e9 vraie, incontestable et traditionnelle, la recette de base est simple. Ici, nous avons un roi, un anachor\u00e8te dont les repr\u00e9sentations ornent nombre de monuments publics, ces personnages inspirent d\u00e9j\u00e0 le respect.<\/p>\n<p align=\"justify\"><strong>Beneac&rsquo;h<\/strong> &#8211; Mais Ker Is au regard de l&rsquo;historien&#8230;<\/p>\n<p align=\"justify\"><strong>Koridwen<\/strong> &#8211; Observons tout d&rsquo;abord les protagonistes. Saint Gu\u00e9nol\u00e9, est n\u00e9 en 460 de notre \u00e8re sur les c\u00f4tes de Bretagne. Ses parents, \u00e9migr\u00e9s de Cornouailles anglaises \u00e9taient chr\u00e9tiens, et il d\u00e9cide \u00e0 l&rsquo;\u00e2ge de vingt ans de se faire moine. Il r\u00e9unit une poign\u00e9e de compagnons autour de lui et, empruntant les fameuses routes de cette partie occidentale de la p\u00e9ninsule commence un travail d&rsquo;\u00e9vang\u00e9lisation envers une population encore tr\u00e8s attach\u00e9e aux dieux pa\u00efens. Il se fixe finalement \u00e0 Land\u00e9vennec. C&rsquo;est l\u00e0 qu&rsquo;il fait la connaissance de Graslon, Roi de Cornouailles. Tous deux ont la m\u00eame origine g\u00e9ographique, ils sympathisent et d\u00e9cident par le fer et l&rsquo;esprit de renforcer le petit royaume de Graslon. Au cours d&rsquo;une chasse \u00e9pique, Graslon s&rsquo;\u00e9gare en for\u00eat de Nevez et tombe sur Corentin, un ermite qui le remet sur le bon chemin. Tout ce petit monde unit ses efforts et&#8230;<\/p>\n<p align=\"justify\"><strong>Beneac&rsquo;h<\/strong> &#8211; Attend, attend. Je t&rsquo;ai connue plus prudente que cela. Tu me contes la L\u00e9gende comme \u00e9tant l&rsquo;Histoire.<\/p>\n<p align=\"justify\"><strong>Koridwen<\/strong> &#8211; C&rsquo;est dommage. Oui l&rsquo;histoire est moins dr\u00f4le. De s\u00e9rieux <a name=\"chercheurs\"><\/a>chercheurs (<a href=\"file:\/\/\/N:\/travail\/travail LL\/archives these\/YSWEB\/kerys\/#2\">2<\/a>) ont analys\u00e9 le <a href=\"file:\/\/\/N:\/travail\/travail LL\/archives these\/YSWEB\/kerys\/#3\">Cartulaire de Land\u00e9vennec (3)<\/a>, le <a name=\"document\"><\/a>document le plus ancien que nous avons sur nos protagonistes. Or le Cartulaire est une copie revue et corrig\u00e9e, augment\u00e9e de passages \u00e9cris d&rsquo;une autres plume. Il est du IX\u00e8me si\u00e8cle, et donc bien post\u00e9rieur aux \u00e9v\u00e9nements qui nous int\u00e9ressent. Rappelle-toi nous l&rsquo;avions d\u00e9j\u00e0 \u00e9voqu\u00e9, si le Cartulaire d\u00e9crit avec d\u00e9tails et passion les aventures de Sain Gu\u00e9nol\u00e9, il reste tr\u00e8s discret sur Graslon qui n&rsquo;appara\u00eet dans une deuxi\u00e8me version que cinquante ans apr\u00e8s, et est muet sur Ker Is.<\/p>\n<p align=\"justify\"><strong>Beneac&rsquo;h<\/strong> &#8211; Pourquoi ajouter un Graslon plus ou moins r\u00e9el cinquante ans plus tard?<\/p>\n<p align=\"justify\"><strong>Koridwen<\/strong> &#8211; Tu sais ce que c&rsquo;est un Cartulaire? C&rsquo;est un recueil d&rsquo;actes. C&rsquo;est une charte qui dresse la liste des biens temporels d&rsquo;une \u00e9glise ou d&rsquo;un monast\u00e8re. Ajouter Graslon comme donateur, rend l\u00e9gitime une partie des richesses de Land\u00e9vennec.<\/p>\n<p align=\"justify\"><strong>Beneac&rsquo;h<\/strong> &#8211; Une fausse facture en somme, alors.<\/p>\n<p align=\"justify\"><strong>Koridwen<\/strong> &#8211; Un peu oui. Et venant d&rsquo;un roi pour assurer le bien fond\u00e9 des possessions. Le nom de Graslon a probablement exist\u00e9, ce devait \u00eatre un duc de Cornouailles, ou un vaillant guerrier. Il est souvent appel\u00e9 Gradlon Meur, qui signifie Graslon le Grand. C&rsquo;est un titre qui pouvait aussi bien repr\u00e9senter un royaume important que des faits d&rsquo;armes majeurs.<\/p>\n<p align=\"justify\"><strong>Beneac&rsquo;h<\/strong> &#8211; Gu\u00e9nol\u00e9 est un personnage authentique lui.<\/p>\n<p align=\"justify\"><strong>Koridwen<\/strong> &#8211; Et bien c&rsquo;est de moins en moins certain. Les historiens4 qui ont \u00e9tudi\u00e9 sous toutes les coutures le Cartulaire de Landevennec, pensent que nous avons affaire \u00e0 une vaste affabulation. Il leur semble en effet peu probable que l&rsquo;on puisse trouver autant de d\u00e9tails sur un homme n\u00e9 trois si\u00e8cles auparavant. Mais la question divise nombre de chercheurs, et les ethnologues fondent sur la transmission orale une grande confiance. Personnellement, je ne puis me prononcer n&rsquo;\u00e9tant pas \u00e9quip\u00e9e culturellement pour me lancer.<br \/>\nIl faut quand m\u00eame savoir que ces \u00e9vang\u00e9lisateurs vivaient dans des conditions mat\u00e9rielles \u00e9pouvantables. Ils \u00e9taient v\u00eatus de peaux de b\u00eates, poussant devant eux un maigre troupeau, subsistaient gr\u00e2ce \u00e0 la charit\u00e9 des populations. Ils devaient \u00eatre de plus pratiquement illettr\u00e9s. Je me demande alors comment ils ont pu transmettre cette foule de d\u00e9tails sur Gu\u00e9nol\u00e9.<\/p>\n<p align=\"justify\"><strong>Beneac&rsquo;h<\/strong> &#8211; Peut-\u00eatre avaient-ils d&rsquo;autres moyens pour transmettre la m\u00e9moire collective, moyen que nous avons perdus depuis? Nous n&rsquo;envisageons jamais que nos anc\u00eatres aient pu avoir des potentialit\u00e9s que nous n&rsquo;avons plus.<\/p>\n<p align=\"justify\"><strong>Beneac&rsquo;h<\/strong> <strong>visiblement vex\u00e9 que l&rsquo;histoire soit si s\u00e9v\u00e8re avec la l\u00e9gende, scrute les nuages dans l&rsquo;espoir d&rsquo;y d\u00e9couvrir des silhouettes famili\u00e8res. Plus loin, la mer soul\u00e8ve des bouillons d&rsquo;\u00e9cume.<\/strong><\/p>\n<p align=\"justify\"><strong>Koridwen<\/strong> &#8211; <a href=\"file:\/\/\/N:\/travail\/travail LL\/archives these\/YSWEB\/kerys\/#4\">Les historiens (4)<\/a> <a name=\"trouvent\"><\/a>trouvent \u00e9trange que soit n\u00e9, au m\u00eame moment un culte vou\u00e9 \u00e0 Saint Gu\u00e9nol\u00e9, en Cornouailles et en Armorique. Il existe un lieu nomm\u00e9 Land\u00e9van\u00e9ok dont la cr\u00e9ation est pratiquement contemporaine \u00e0 celle de Land\u00e9vennec. Il est fortement probable qu&rsquo;aux environs du V\u00e8me si\u00e8cle, des moines anglais, d&rsquo;un ordre appel\u00e9 Saint Gu\u00e9nol\u00e9, abord\u00e8rent la c\u00f4te de notre Bretagne.<\/p>\n<p align=\"justify\"><strong>Beneac&rsquo;h<\/strong> &#8211; Gu\u00e9nol\u00e9 aurait alors une origine ant\u00e9rieure \u00e0 l&rsquo;arriv\u00e9e de ces \u00e9vang\u00e9lisateurs de l&rsquo;ordre de Gu\u00e9nol\u00e9?<\/p>\n<p align=\"justify\"><strong>Koridwen<\/strong> &#8211; En effet. Donc nous voil\u00e0 bien d\u00e9pourvu. Pas de Graslon, pas de Saint Gu\u00e9nol\u00e9, notre l\u00e9gende a perdu ses h\u00e9ros. Nous avons d\u00e9j\u00e0 \u00e9tabli que Dahud \u00e9tait un ajout litt\u00e9raire. Alors, sommes nous face \u00e0 un conte comme ceux de <a name=\"Grimm\"><\/a>Grimm? (<a href=\"file:\/\/\/N:\/travail\/travail LL\/archives these\/YSWEB\/kerys\/#5\">5<\/a>) Cela semble peu probable. Le Dr Dubourg pense que la l\u00e9gende est rest\u00e9e plusieurs si\u00e8cles dans les m\u00e9moires avant de passer \u00e0 la litt\u00e9rature. Jakes-H\u00e9liaz dirait qu&rsquo;elle est pass\u00e9e du tiers-\u00e9tat \u00e0 la noblesse, en perdant au passage son appartenance populaire.<\/p>\n<p align=\"justify\"><strong>Beneac&rsquo;h<\/strong> &#8211; Il faudrait d\u00e9barrasser le r\u00e9cit de ses fioritures, et ne garder que la trame de base et ce d&rsquo;apr\u00e8s le manuscrit le plus ancien.<\/p>\n<p align=\"justify\"><strong>Koridwen<\/strong> &#8211; Nous avons alors juste le souvenir d&rsquo;un \u00e9v\u00e9nement climatique majeur qui a probablement eu lieu aux alentours du V\u00e8me si\u00e8cle. Les preuves de ce fait marquant existent. D&rsquo;importants effondrements c\u00f4tiers se produisirent tout le long du littoral armoricain. La Baie du Mont Saint Michel \u00e9tait auparavant une vaste for\u00eat, la for\u00eat de Cissy, o\u00f9 \u00e9taient \u00e9tablis des villages reli\u00e9s par des chemins et des voies dont certaines furent construites par les romains. Au large d&rsquo;erquy, existait une ville importante du nom de Regina, on peut contempler actuellement ces vestiges sous-marins. A l&rsquo;Ile de Sein, qui n&rsquo;\u00e9merge plus qu&rsquo;\u00e0 sept m\u00e8tres au-dessus du niveau des flots, ne l&rsquo;oublie pas, on a retrouv\u00e9 les vestiges d&rsquo;habitations romaines alors que l&rsquo;on construisait un m\u00f4le. A Douarnenez, des traces d&rsquo;une ancienne for\u00eat sont visibles, des restes de troncs que l&rsquo;on peut par ailleurs observer tout le long du littoral breton.<\/p>\n<p align=\"justify\"><strong>Beneac&rsquo;h<\/strong> &#8211; Rien ne prouve qu&rsquo;il y ait eu cataclysme, il peut s&rsquo;agir d&rsquo;une lente progression des eaux.<\/p>\n<p align=\"justify\"><strong>Koridwen<\/strong> &#8211; Non je ne pense pas. Les troncs paraissent encore enracin\u00e9s alors que l&rsquo;\u00e9rosion les eut d\u00e9truits s&rsquo;ils n&rsquo;avaient pas brutalement disparus. Les voies romaines immerg\u00e9es ne pr\u00e9sentent pas de travaux de d\u00e9tournement comme il eut \u00e9t\u00e9 envisageable lors d&rsquo;une crue progressive. La transgression dunkerkienne, est une mont\u00e9e des eaux entre le IV\u00e8me et le V\u00e8me si\u00e8cles, d&rsquo;un niveau de quatre \u00e0 cinq m\u00e8tres. A cette \u00e9poque la Bretagne \u00e9tait romaine, et l&rsquo;on pense qu&rsquo;un semis de petits villages de p\u00eacheurs s&rsquo;\u00e9grainaient le long du rivage. Ces populations se d\u00e9pla\u00e7aient en bateau et vivaient de la mer. Les Romains ont peut \u00eatre renforc\u00e9 quelques structures d\u00e9j\u00e0 existantes mais il ne faut pas s&rsquo;attendre \u00e0 de grands p\u00f4les urbains. La ville d&rsquo;Is tire s\u00fbrement sa source dans l&rsquo;\u00e9vocation d&rsquo;une multitude de petits drames survenus \u00e0 ces villages.<\/p>\n<p align=\"justify\"><strong>Beneac&rsquo;h<\/strong> &#8211; Trouve-t-on des traces \u00e9crites de ces villages, ou de leur activit\u00e9?<\/p>\n<p align=\"justify\"><strong>Koridwen<\/strong> &#8211; Je te l&rsquo;ai d\u00e9j\u00e0 dit, les documents relatifs \u00e0 cette p\u00e9riode sont extr\u00eamement rares. Ils sont de plus impr\u00e9cis, et il est fort malais\u00e9 pour un historien ou un arch\u00e9ologue de faire correspondre des noms rep\u00e9r\u00e9s sur une carte romaine, avec des lieux effectifs. C&rsquo;est la raison pour laquelle il y a tant de d\u00e9bats quant \u00e0 la localisation de Ker Is, chacun \u00e9tant finalement libre de son choix, et personne n&rsquo;ayant r\u00e9ellement tort.<\/p>\n<p align=\"justify\"><strong>Beneac&rsquo;h<\/strong> &#8211; Il doit y avoir tout de m\u00eame quelque part sur la c\u00f4te un p\u00f4le f\u00e9d\u00e9rateur?<\/p>\n<p align=\"justify\"><strong>Koridwen<\/strong> &#8211; Si l&rsquo;on <a name=\"reprend\"><\/a>reprend le d\u00e9monstration de <a href=\"file:\/\/\/N:\/travail\/travail LL\/archives these\/YSWEB\/kerys\/#6\">Del\u00e9cluze (6)<\/a>, il faut \u00e9tudier la r\u00e9partition et la localisation des voies romaines. <a name=\"Attends\"><\/a>Attends, je dois avoir dans mon cartable le texte de <a href=\"file:\/\/\/N:\/travail\/travail LL\/archives these\/YSWEB\/kerys\/#7\">Dubourg (7) <\/a>qui rel\u00e8ve celle qui rayonnent autour de Douarnenez. Ah voil\u00e0 :<\/p>\n<p align=\"justify\"><em>\u00ab\u00a0Quatre routes importantes ont pu \u00eatre identifi\u00e9es sans erreur possible. L&rsquo;une certainement essentielle au point de vue strat\u00e9gique reliait Douarnenez \u00e0 la Pointe du Van en suivant, tout ou moins au d\u00e9part, le trajet de l&rsquo;ancienne route de Poullan. L&rsquo;existence \u00e0 Tr\u00e9ogat d&rsquo;une borne milliaire (la croix que I&rsquo;on trouve \u00e0 Tr\u00e9boul sous le nom de Croas-Men \u00e9tant peut-\u00eatre elle aussi une ancienne borne ult\u00e9rieurement modifi\u00e9e), la pr\u00e9sence de chaque c\u00f4t\u00e9 de la route sur tout son parcours, de nombreux camps, le dernier, le plus important, se trouvant pr\u00e8s du hameau du Troguer, tous ces \u00e9l\u00e9ments permettent de dire que cette voie n&rsquo;est par une vue de I&rsquo;esprit de chercheurs que I&rsquo;on accuse parfois, avec raison, de trouver partout les routes qu&rsquo;ils esp\u00e9raient d\u00e9couvrir. Une autre voie, dont le trajet d\u00e9taill\u00e9 a lui aussi \u00e9t\u00e9 reconnu avec certitude, reliait Quimper \u00e0 Douarnenez, en suivant approximativement la direction de la route actuelle.<br \/>\nLa deuxi\u00e8me reliait Douarnenez \u00e0 Carhaix, qui s&rsquo;est av\u00e9r\u00e9e \u00eatre pratiquement la capitale de cette r\u00e9gion gallo-romaine, par un circuit qu&rsquo;il serait fastidieux de d\u00e9crire.<\/em><\/p>\n<p align=\"justify\"><a href=\"https:\/\/www.keris-studio.fr\/blog\/wp-content\/plan3.gif\"><em><img loading=\"lazy\" decoding=\"async\" style=\"background-image: none; padding-top: 0px; padding-left: 0px; display: inline; padding-right: 0px; border: 0px;\" title=\"plan3\" src=\"https:\/\/www.keris-studio.fr\/blog\/wp-content\/plan3_thumb.gif\" alt=\"plan3\" width=\"300\" height=\"378\" border=\"0\" hspace=\"10\" vspace=\"10\" \/><\/em><\/a><\/p>\n<p align=\"justify\"><em>Il suffit de savoir que son point de d\u00e9part devait se trouver au niveau de I&#8217;embouchure actuelle de la rivi\u00e8re du Ris.<br \/>\nLa troisi\u00e8me reliait Douarnenez \u00e0 la forteresse aujourd&rsquo;hui ras\u00e9e de Carrellien. Quant \u00e0 la quatri\u00e8me, peut-\u00eatre aussi importante au point de vue militaire que celle qui longeait la c\u00f4te de Beuzec, elle rejoignait Meilars, avec un embranchement par Pouldergat. Tout au long de cette voie, ont \u00e9t\u00e9 aussi retrouv\u00e9s de nombreux vestiges de camps romains, qui s&rsquo;\u00e9tendaient sur une ligne approximativement parall\u00e8le \u00e0 celle des camps du littoral. La seule pr\u00e9sence de toutes ces voies qui convergeaient vers le m\u00eame point est \u00e0 mon avis la preuve que Douarnenez constituait \u00e0 I&rsquo;\u00e9poque un centre extr\u00eamement important. Il ne semble pas en effet que les Romains, qui agissaient toujours pour des raisons bien pr\u00e9cises, aient fait passer par Douarnenez des routes qui auraient pu sans difficult\u00e9 suivre un autre trajet. L&rsquo;agglom\u00e9ration b\u00e2tie \u00e0 cet endroit devait certainement rev\u00eatir pour les Romains une importance primordiale, pour les amener \u00e0 constituer dans ses environs imm\u00e9diats, deux lignes de camps de surveillance et de d\u00e9fense\u00a0\u00bb.<\/em><\/p>\n<p align=\"justify\"><strong>Beneac&rsquo;h<\/strong> &#8211; Cela situe Douarnenez comme un tr\u00e8s important port de p\u00eache.<\/p>\n<p align=\"justify\"><strong>Koridwen<\/strong> &#8211; Oui les cuves de salaison, par leur quantit\u00e9 et leur r\u00e9partition tr\u00e8s large sur cette c\u00f4te nous portent \u00e0 le croire. Toutefois il n&rsquo;en existe aucune mention sur les cartes romaines. Il est vrai qu&rsquo;elles sont impr\u00e9cises.<br \/>\nPtol\u00e9m\u00e9e nous a ainsi laiss\u00e9 un myst\u00e9rieux Portus Saliocanus qui cr\u00e9e bien des soucis \u00e0 nos amis arch\u00e9ologues.<\/p>\n<p align=\"justify\"><strong>Beneac&rsquo;h<\/strong> &#8211; Tu as une id\u00e9e sur la localisation du centre du p\u00f4le \u00e9conomique ou politique de la Douarnenez gallo-romaine?<\/p>\n<p align=\"justify\"><strong>Koridwen<\/strong> &#8211; L&rsquo;estuaire de Port-Rhu probablement. Je ne sais pas vraiment. Il faut un lieu abrit\u00e9 des intemp\u00e9ries et des hommes, mais \u00e9galement praticable. Tu sais la Baie de Douarnenez r\u00e9pond assez bien \u00e0 toutes ces contraintes, de Sainte Anne du Palud jusqu&rsquo;au Ris la configuration \u00e9tait id\u00e9ale.<\/p>\n<p align=\"justify\"><strong>Beneac&rsquo;h<\/strong> &#8211; Attends, Sainte Anne du Palud, mais j&rsquo;y pense seulement maintenant, il n&rsquo;y a pas de marais salants \u00e0 cet endroit.<\/p>\n<p align=\"justify\"><strong>Koridwen<\/strong> &#8211; Non, mais palud signifie aussi marais. Il faut \u00eatre prudent avec certaines conclusions h\u00e2tives. Sinon, un temple, enfin des restes de temple ont \u00e9t\u00e9 d\u00e9couverts sur l&rsquo;Ile Tristan, mais pas vraiment de trace de village ou d&rsquo;agglom\u00e9ration. Enfin, peut \u00eatre faudrait-il sonder sous les flots, mais une nappe \u00e9paisse de sable a depuis des si\u00e8cles couvert les souvenirs de nos anc\u00eatres lointains. La m\u00e9moire populaire garde seule le souvenir de faits majeurs, les raconte sous forme de l\u00e9gendes merveilleuses. Le drame de Ker Is fut probablement tellement important que l&rsquo;on se sentit oblig\u00e9 d&rsquo;y ajouter des saints et un roi plus ou moins l\u00e9gendaires.<\/p>\n<p align=\"justify\"><ul class=\"lcp_catlist\" id=\"lcp_instance_0\"><li><a href=\"https:\/\/www.keris-studio.fr\/blog\/?p=13252\">Vision of Ys (step05) medieval city<\/a><\/li><li><a href=\"https:\/\/www.keris-studio.fr\/blog\/?p=13238\">Vision of Ys (step04) city of Ys<\/a><\/li><li><a href=\"https:\/\/www.keris-studio.fr\/blog\/?p=13176\">Vision of Ys (step03) &#8211; The city<\/a><\/li><li><a href=\"https:\/\/www.keris-studio.fr\/blog\/?p=13089\">Vision of Ys (step02) Flight of Dahud<\/a><\/li><li><a href=\"https:\/\/www.keris-studio.fr\/blog\/?p=13067\">Visions of Ys (step01)<\/a><\/li><li><a href=\"https:\/\/www.keris-studio.fr\/blog\/?p=10213\">La l\u00e9gende la Ville d\u2019Is, r\u00e9cits et repr\u00e9sentations de la disparition des mondes coupables.<\/a><\/li><li><a href=\"https:\/\/www.keris-studio.fr\/blog\/?p=3445\">Sciences et Avenir hors-s&eacute;rie 178 : la France des lieux maudits<\/a><\/li><li><a href=\"https:\/\/www.keris-studio.fr\/blog\/?p=6549\">A la recherche de la Ville d&rsquo;Ys<\/a><\/li><li><a href=\"https:\/\/www.keris-studio.fr\/blog\/?p=3146\">La ville d&rsquo;Ys-Images Mus&eacute;e D&eacute;partemental Breton<\/a><\/li><li><a href=\"https:\/\/www.keris-studio.fr\/blog\/?p=3305\">Projet Ys&ndash;les logos<\/a><\/li><li><a href=\"https:\/\/www.keris-studio.fr\/blog\/?p=3284\">La Ville d&rsquo;Ys 1994<\/a><\/li><li><a href=\"https:\/\/www.keris-studio.fr\/blog\/?p=3161\">Les r&eacute;cits de Gadlon et Dahud<\/a><\/li><li><a href=\"https:\/\/www.keris-studio.fr\/blog\/?p=3248\">Ys et Duke-Nukem 3D<\/a><\/li><li><a href=\"https:\/\/www.keris-studio.fr\/blog\/?p=3333\">La Ville d&rsquo;Ys &#8211; R&eacute;f&eacute;rences litt&eacute;raires<\/a><\/li><li><a href=\"https:\/\/www.keris-studio.fr\/blog\/?p=3309\">La ville d&rsquo;Ys&ndash;Les lieux dans la litt&eacute;rature<\/a><\/li><li><a href=\"https:\/\/www.keris-studio.fr\/blog\/?p=3411\">La Ville d&rsquo;Ys&ndash;Bibliographie\/Discographie<\/a><\/li><li><a href=\"https:\/\/www.keris-studio.fr\/blog\/?p=3172\">Gwerz Kear Is ar Roue Gralon<\/a><\/li><li><a href=\"https:\/\/www.keris-studio.fr\/blog\/?p=3224\">Portraits de l&eacute;gende<\/a><\/li><li class=\"current\"><a href=\"https:\/\/www.keris-studio.fr\/blog\/?p=3168\">A propos de Graslon, Gu&eacute;nol&eacute;, de Ker Ys<\/a><\/li><li><a href=\"https:\/\/www.keris-studio.fr\/blog\/?p=3163\">Comment est n&eacute;e la L&eacute;gende de la Ville D&rsquo;Ys<\/a><\/li><\/ul><\/p>\n","protected":false},"excerpt":{"rendered":"<p>D&rsquo;apr\u00e8s le Dr Dubourg (1) (Adaptation onirique) Graslon et Gu\u00e9nol\u00e9 semble a priori \u00eatre bien plus authentique que la Ville d&rsquo;Is. Toutefois une \u00e9tude un peu pouss\u00e9e, montre assez rapidement que ce pourrait \u00eatre plut\u00f4t l&rsquo;inverse. Et si l&rsquo;Histoire pointait l\u00e0 o\u00f9 on ne l&rsquo;attend pas! Beneac&rsquo;h et Koridwen sont \u00e0 Penmac&rsquo;h et font quelques &hellip; <a href=\"https:\/\/www.keris-studio.fr\/blog\/?p=3168\" class=\"more-link\">Continuer la lecture de <span class=\"screen-reader-text\">A propos de Graslon, Gu&eacute;nol&eacute;, de Ker Ys<\/span>  <span class=\"meta-nav\">&rarr;<\/span><\/a><\/p>\n","protected":false},"author":2,"featured_media":0,"comment_status":"open","ping_status":"open","sticky":false,"template":"","format":"standard","meta":{"footnotes":""},"categories":[26,32],"tags":[309,305],"class_list":["post-3168","post","type-post","status-publish","format-standard","hentry","category-production","category-ys","tag-references","tag-ys"],"_links":{"self":[{"href":"https:\/\/www.keris-studio.fr\/blog\/index.php?rest_route=\/wp\/v2\/posts\/3168","targetHints":{"allow":["GET"]}}],"collection":[{"href":"https:\/\/www.keris-studio.fr\/blog\/index.php?rest_route=\/wp\/v2\/posts"}],"about":[{"href":"https:\/\/www.keris-studio.fr\/blog\/index.php?rest_route=\/wp\/v2\/types\/post"}],"author":[{"embeddable":true,"href":"https:\/\/www.keris-studio.fr\/blog\/index.php?rest_route=\/wp\/v2\/users\/2"}],"replies":[{"embeddable":true,"href":"https:\/\/www.keris-studio.fr\/blog\/index.php?rest_route=%2Fwp%2Fv2%2Fcomments&post=3168"}],"version-history":[{"count":3,"href":"https:\/\/www.keris-studio.fr\/blog\/index.php?rest_route=\/wp\/v2\/posts\/3168\/revisions"}],"predecessor-version":[{"id":3388,"href":"https:\/\/www.keris-studio.fr\/blog\/index.php?rest_route=\/wp\/v2\/posts\/3168\/revisions\/3388"}],"wp:attachment":[{"href":"https:\/\/www.keris-studio.fr\/blog\/index.php?rest_route=%2Fwp%2Fv2%2Fmedia&parent=3168"}],"wp:term":[{"taxonomy":"category","embeddable":true,"href":"https:\/\/www.keris-studio.fr\/blog\/index.php?rest_route=%2Fwp%2Fv2%2Fcategories&post=3168"},{"taxonomy":"post_tag","embeddable":true,"href":"https:\/\/www.keris-studio.fr\/blog\/index.php?rest_route=%2Fwp%2Fv2%2Ftags&post=3168"}],"curies":[{"name":"wp","href":"https:\/\/api.w.org\/{rel}","templated":true}]}}