{"id":2493,"date":"2012-03-21T13:57:00","date_gmt":"2012-03-21T12:57:00","guid":{"rendered":"http:\/\/www.keris-studio.fr\/blog\/?p=2493"},"modified":"2013-11-25T14:01:52","modified_gmt":"2013-11-25T13:01:52","slug":"larmor-baden-deux-chercheurs-nantais-dcryptent-lle-de-gavrinis-3","status":"publish","type":"post","link":"https:\/\/www.keris-studio.fr\/blog\/?p=2493","title":{"rendered":"Larmor-Baden. Deux chercheurs nantais d&eacute;cryptent l&rsquo;&icirc;le de Gavrinis"},"content":{"rendered":"<p><a title=\"http:\/\/www.ouest-france.fr\/larmor-baden-deux-chercheurs-nantais-decryptent-lile-de-gavrinis-356837\" href=\"http:\/\/www.ouest-france.fr\/larmor-baden-deux-chercheurs-nantais-decryptent-lile-de-gavrinis-356837\">http:\/\/www.ouest-france.fr\/larmor-baden-deux-chercheurs-nantais-decryptent-lile-de-gavrinis-356837<\/a><\/p>\n<ul>\n<li>\n<p><img loading=\"lazy\" decoding=\"async\" alt=\"\" src=\"http:\/\/www.ouest-france.fr\/sites\/default\/files\/styles\/image-article-detail\/public\/2013\/09\/27\/larmor-baden.deux-chercheurs-nantais-decryptent-lile-de-gavrinis.jpg\" width=\"640\" height=\"360\" \/><\/p>\n<\/li>\n<li>\n<p><img decoding=\"async\" alt=\"\" src=\"http:\/\/www.ouest-france.fr\/sites\/default\/files\/styles\/image-article-detail-portrait\/public\/2013\/09\/27\/larmor-baden.deux-chercheurs-nantais-decryptent-lile-de-gavrinis_0.jpg\" \/><\/p>\n<\/li>\n<li>\n<p><img loading=\"lazy\" decoding=\"async\" alt=\"\" src=\"http:\/\/www.ouest-france.fr\/sites\/default\/files\/styles\/image-article-detail\/public\/2013\/09\/27\/larmor-baden.deux-chercheurs-nantais-decryptent-lile-de-gavrinis_1.jpg\" width=\"640\" height=\"360\" \/><\/p>\n<\/li>\n<li>\n<p><img loading=\"lazy\" decoding=\"async\" alt=\"\" src=\"http:\/\/www.ouest-france.fr\/sites\/default\/files\/styles\/image-article-detail\/public\/2013\/09\/27\/larmor-baden.deux-chercheurs-nantais-decryptent-lile-de-gavrinis_2.jpg\" width=\"640\" height=\"360\" \/><\/p>\n<\/li>\n<li>\n<p><img loading=\"lazy\" decoding=\"async\" alt=\"\" src=\"http:\/\/www.ouest-france.fr\/sites\/default\/files\/styles\/image-article-detail\/public\/2013\/09\/27\/larmor-baden.deux-chercheurs-nantais-decryptent-lile-de-gavrinis_3.jpg\" width=\"640\" height=\"360\" \/><\/p>\n<\/li>\n<li>\n<p><img loading=\"lazy\" decoding=\"async\" alt=\"\" src=\"http:\/\/www.ouest-france.fr\/sites\/default\/files\/styles\/image-article-detail\/public\/2013\/09\/27\/larmor-baden.deux-chercheurs-nantais-decryptent-lile-de-gavrinis_4.jpg\" width=\"640\" height=\"360\" \/><\/p>\n<\/li>\n<\/ul>\n<p><i><\/i><\/p>\n<ul>\n<li><\/li>\n<\/ul>\n<p>Philippe GAMBERT <\/p>\n<p align=\"justify\">C&rsquo;est un monument grav\u00e9. Mieux, une oeuvre artistique dont l&rsquo;expression graphique, la composition ont d\u00e9j\u00e0 inspir\u00e9 de nombreux artistes, comme William Turner, Henri Moore, Richard Long, Janos Ber. Ces sculptures ont \u00e9t\u00e9 r\u00e9alis\u00e9es par un Michel Ange du N\u00e9olithique. La tombe \u00e0 couloir de Gavrinis a \u00e9t\u00e9 \u00e9difi\u00e9e environ 5 000 ans avant J\u00e9sus-Christ. <\/p>\n<h5 align=\"justify\">Joyau de l&rsquo;architecture<\/h5>\n<p align=\"justify\">Dans le golfe du Morbihan, le joyau de l&rsquo;architecture m\u00e9galithique, situ\u00e9 sur l&rsquo;\u00eele de Gavrinis, est visit\u00e9 par 30 000 personnes par an (et pas plus, afin de ne pas trop ab\u00eemer le lieu). Bient\u00f4t, il pourra \u00eatre vu sous un jour nouveau gr\u00e2ce aux outils les plus modernes. <\/p>\n<h5 align=\"justify\">Deux chercheurs nantais<\/h5>\n<p align=\"justify\">Serge Cassen, l&rsquo;arch\u00e9ologue, et Laurent Lescop, l&rsquo;architecte, deux chercheurs nantais, proposent, pour compl\u00e9ter la visite sur le terrain, une visite virtuelle interactive. Une premi\u00e8re projection sur \u00e9cran circulaire a eu lieu hier, en tout petit comit\u00e9, \u00e0 l&rsquo;\u00e9cole d&rsquo;architecture de Nantes. Les d\u00e9tails des sculptures sont apparus. Sculptures de fl\u00e8ches, de haches ou de carcois sont identifiables. <\/p>\n<h5 align=\"justify\">Lien entre Locmariaquer et Gavrinis<\/h5>\n<p align=\"justify\">Ce projet d\u00e9marre par une d\u00e9ception. Celle de Serge Cassen, arch\u00e9ologue, chercheur au CNRS d\u00e9pit\u00e9 par la restauration du dolmen de la Table des marchands, \u00e0 Locmariaquer : <strong>\u00ab Ce chantier avait \u00e9t\u00e9 mal coordonn\u00e9 avec les arch\u00e9ologues. \u00bb<\/strong> <\/p>\n<p align=\"justify\">Alors, il s&rsquo;est dit que pour le cairn de Gavrinis, il fallait \u00e0 tout prix qu&rsquo;arch\u00e9ologues et architectes travaillent main dans la main. D&rsquo;autant que le cairn de Gavrinis et la Table des marchands ont une origine commune. <\/p>\n<h5 align=\"justify\">Un grand menhir sculpt\u00e9<\/h5>\n<p align=\"justify\">Au d\u00e9part, il y a un grand menhir sculpt\u00e9 qui est tomb\u00e9 et s&rsquo;est bris\u00e9, vraisemblablement au cinqui\u00e8me mill\u00e9naire avant J\u00e9sus-Christ. Un morceau a servi \u00e0 couvrir la Table des marchands. <\/p>\n<p align=\"justify\">L&rsquo;autre fragment a pris la direction de Gavrinis pour faire la couverture du cairn. Au n\u00e9olithique, Gavrinis \u00e9tait accessible \u00e0 pied, m\u00eame si la rivi\u00e8re d&rsquo;Auray bordait d\u00e9j\u00e0 l&rsquo;endroit. <\/p>\n<h5 align=\"justify\">105 millions de points relev\u00e9s<\/h5>\n<p align=\"justify\">Le travail entrepris par Serge Cassen et Laurent Lescop vise \u00e0 d\u00e9crypter les signaux grav\u00e9s au sein de la tombe monumentale de Gavrinis, particuli\u00e8rement sur les dalles dress\u00e9es, appel\u00e9es des orthostates, qui forment le couloir. Et cela y compris dans la partie interdite au public ; une vraie r\u00e9serve arch\u00e9ologique qu&rsquo;il faut sauvegarder, selon Serge Cassen. <\/p>\n<p align=\"justify\"><strong>\u00ab On a commenc\u00e9 par acqu\u00e9rir des donn\u00e9es, centim\u00e8tre par centim\u00e8tre et m\u00eame \u00e0 l&rsquo;\u00e9chelle millim\u00e9trique gr\u00e2ce au soutien de diff\u00e9rents ing\u00e9nieurs. Un vrai travail d&rsquo;\u00e9quipe \u00bb,<\/strong> explique Laurent Lescop. \u00c0 l&rsquo;aide d&rsquo;un scanner et d&rsquo;un appareil laser, 105 millions de points ont \u00e9t\u00e9 relev\u00e9s. <\/p>\n<h5 align=\"justify\">Chromonographie et photographie num\u00e9rique<\/h5>\n<p align=\"justify\">Avec d&rsquo;autres techniques, notamment la chromonographie ou la photographie num\u00e9rique, ce \u00ab nuage de points \u00bb permet d&rsquo;avoir une vision pr\u00e9cise du contour des gravures. <strong>\u00ab On peut recomposer le geste du sculpteur. Son cheminement pr\u00e9cis. Et m\u00eame deviner s&rsquo;il \u00e9tait gaucher ou droitier. \u00bb<\/strong> Mais il reste encore beaucoup \u00e0 faire pour d\u00e9chiffrer le mythe qui a peut-\u00eatre inspir\u00e9 l&rsquo;artiste, ou les artistes, du N\u00e9olithique. <\/p>\n<h5 align=\"justify\">Poursuite du travail l&rsquo;\u00e9t\u00e9 prochain<\/h5>\n<p align=\"justify\">L&rsquo;\u00e9t\u00e9 prochain, les scientifiques vont poursuivre leur travail. Sur le site notamment. Par le biais de d\u00e9monstrations : <strong>\u00ab On va chercher \u00e0 retrouver les gestes des graveurs du N\u00e9olithique sur des fragments de granit. \u00bb<\/strong> A voir lors des visites touristiques organis\u00e9es au d\u00e9part de Larmor-Baden. <\/p>\n<p align=\"justify\"><strong>Ouverture de Gavrinis du 29 mars au 6 novembre,<\/strong> d\u00e9part de Larmor-Baden. Les travaux des chercheurs Serge Cassen et Laurent Lescop sont visibles sur un blog : <a href=\"http:\/\/www.ouest-france.fr\/gersa.nantes.archi.fr.\">gersa.nantes.archi.fr.<\/a><\/p>\n","protected":false},"excerpt":{"rendered":"<p>http:\/\/www.ouest-france.fr\/larmor-baden-deux-chercheurs-nantais-decryptent-lile-de-gavrinis-356837 Philippe GAMBERT C&rsquo;est un monument grav\u00e9. Mieux, une oeuvre artistique dont l&rsquo;expression graphique, la composition ont d\u00e9j\u00e0 inspir\u00e9 de nombreux artistes, comme William Turner, Henri Moore, Richard Long, Janos Ber. Ces sculptures ont \u00e9t\u00e9 r\u00e9alis\u00e9es par un Michel Ange du N\u00e9olithique. La tombe \u00e0 couloir de Gavrinis a \u00e9t\u00e9 \u00e9difi\u00e9e environ 5 000 ans &hellip; <a href=\"https:\/\/www.keris-studio.fr\/blog\/?p=2493\" class=\"more-link\">Continuer la lecture de <span class=\"screen-reader-text\">Larmor-Baden. Deux chercheurs nantais d&eacute;cryptent l&rsquo;&icirc;le de Gavrinis<\/span>  <span class=\"meta-nav\">&rarr;<\/span><\/a><\/p>\n","protected":false},"author":2,"featured_media":0,"comment_status":"open","ping_status":"open","sticky":false,"template":"","format":"standard","meta":{"footnotes":""},"categories":[6,117,14,25,107,87,145,26],"tags":[307,310],"class_list":["post-2493","post","type-post","status-publish","format-standard","hentry","category-3d","category-archeologie","category-conception","category-etats-de-lart","category-gavrinis","category-linkedin","category-presse","category-production","tag-gavrinis","tag-presse"],"_links":{"self":[{"href":"https:\/\/www.keris-studio.fr\/blog\/index.php?rest_route=\/wp\/v2\/posts\/2493","targetHints":{"allow":["GET"]}}],"collection":[{"href":"https:\/\/www.keris-studio.fr\/blog\/index.php?rest_route=\/wp\/v2\/posts"}],"about":[{"href":"https:\/\/www.keris-studio.fr\/blog\/index.php?rest_route=\/wp\/v2\/types\/post"}],"author":[{"embeddable":true,"href":"https:\/\/www.keris-studio.fr\/blog\/index.php?rest_route=\/wp\/v2\/users\/2"}],"replies":[{"embeddable":true,"href":"https:\/\/www.keris-studio.fr\/blog\/index.php?rest_route=%2Fwp%2Fv2%2Fcomments&post=2493"}],"version-history":[{"count":1,"href":"https:\/\/www.keris-studio.fr\/blog\/index.php?rest_route=\/wp\/v2\/posts\/2493\/revisions"}],"predecessor-version":[{"id":2494,"href":"https:\/\/www.keris-studio.fr\/blog\/index.php?rest_route=\/wp\/v2\/posts\/2493\/revisions\/2494"}],"wp:attachment":[{"href":"https:\/\/www.keris-studio.fr\/blog\/index.php?rest_route=%2Fwp%2Fv2%2Fmedia&parent=2493"}],"wp:term":[{"taxonomy":"category","embeddable":true,"href":"https:\/\/www.keris-studio.fr\/blog\/index.php?rest_route=%2Fwp%2Fv2%2Fcategories&post=2493"},{"taxonomy":"post_tag","embeddable":true,"href":"https:\/\/www.keris-studio.fr\/blog\/index.php?rest_route=%2Fwp%2Fv2%2Ftags&post=2493"}],"curies":[{"name":"wp","href":"https:\/\/api.w.org\/{rel}","templated":true}]}}