{"id":1796,"date":"2012-05-28T09:51:43","date_gmt":"2012-05-28T08:51:43","guid":{"rendered":"http:\/\/www.keris-studio.fr\/blog\/?p=1796"},"modified":"2012-05-28T09:51:44","modified_gmt":"2012-05-28T08:51:44","slug":"gavrinisle-telegramme","status":"publish","type":"post","link":"https:\/\/www.keris-studio.fr\/blog\/?p=1796","title":{"rendered":"Gavrinis&ndash;le Telegramme"},"content":{"rendered":"<h4>Cairn de Gavrinis (56). Comment gravaient les hommes du n\u00e9olithique ?<\/h4>\n<p>2 mai 2012 \u00e0 21h48 <a href=\"http:\/\/memorix.sdv.fr\/5c\/www.letelegramme.com\/infoslocales\/mhn\/616931160\/Position1\/default\/empty.gif\/576a61306f302f444f70514143517070\"><img loading=\"lazy\" decoding=\"async\" border=\"0\" alt=\"\" src=\"http:\/\/memorix.sdv.fr\/0\/default\/empty.gif\" width=\"1\" height=\"1\" \/><\/a><\/p>\n<p><a title=\"http:\/\/www.letelegramme.com\/local\/morbihan\/vannes-auray\/cantonvannes\/larmorbaden\/cairn-de-gavrinis-56-comment-gravaient-les-hommes-du-neolithique-02-05-2012-1689063.php\" href=\"http:\/\/www.letelegramme.com\/local\/morbihan\/vannes-auray\/cantonvannes\/larmorbaden\/cairn-de-gavrinis-56-comment-gravaient-les-hommes-du-neolithique-02-05-2012-1689063.php\">http:\/\/www.letelegramme.com\/local\/morbihan\/vannes-auray\/cantonvannes\/larmorbaden\/cairn-de-gavrinis-56-comment-gravaient-les-hommes-du-neolithique-02-05-2012-1689063.php<\/a><\/p>\n<p>Comment les hommes du n\u00e9olithique s\u2019y sont pris pour graver les st\u00e8les du <a href=\"http:\/\/www.letelegramme.com\/tag\/cairn%20de%20Gavrinis\">cairn de Gavrinis<\/a> ? C\u2019est la question que se posent des arch\u00e9ologues.<\/p>\n<p>Et pour y r\u00e9pondre, c\u2019est la voie de l\u2019exp\u00e9rimentation qu\u2019ils ont choisie. Mercredi, Cyrille Chaigneau et Marie Vourc\u2019h ont commenc\u00e9 \u00e0 tailler le granit \u00e0 la mani\u00e8re de, sur le site m\u00eame de Gavrinis. Lui est m\u00e9diateur scientifique au mus\u00e9e de la pr\u00e9histoire de Carnac, elle, est l\u2019une des rares sp\u00e9cialistes europ\u00e9ennes de la technologie des gravures.<\/p>\n<p>\u00ab L\u2019objectif de cette exp\u00e9rimentation, c\u2019est de pouvoir parler plus intelligemment de ces gravures, qui sont exceptionnelles \u00bb expliquent les chercheurs. D\u2019ici plusieurs mois, ils esp\u00e8rent pouvoir reconstituer une ou deux st\u00e8les pr\u00e9sentes dans le cairn.Cette recherche passe par des d\u00e9monstrations en public, comme c&rsquo;\u00e9tait le cas hier \u00e0 Gavrinis. La prochaine se d\u00e9roulera le 16 mai.<\/p>\n<div style=\"position: relative\" class=\"containerKplayer\">\n<div id=\"kwg_831a095cac8s\" class=\"kwg_pr\" name=\"kwg_831a095cac8s\"><\/div>\n<div style=\"width: 400px; height: 300px\" id=\"flash_kplayer_831a095cac8s\" class=\"flash_kplayer\" name=\"flash_kplayer\" data-playerkey=\"45ead001d848\" data-sig=\"831a095cac8s\"><object  width=\"100%\" height=\"100%\" type=\"application\/x-shockwave-flash\" data=\"http:\/\/sa.kewego.com\/swf\/kp.swf\" name=\"kplayer_831a095cac8s\" id=\"kplayer_831a095cac8s\"><param name=\"bgcolor\" value=\"0x000000\" \/><param name=\"allowfullscreen\" value=\"true\" \/><param name=\"allowscriptaccess\" value=\"always\" \/><param name=\"flashVars\" value=\"language_code=fr&amp;playerKey=45ead001d848&amp;configKey=3de81769f0e2&amp;suffix=&amp;sig=831a095cac8s&amp;autostart=false\" \/><param name=\"movie\" value=\"http:\/\/sa.kewego.com\/swf\/kp.swf\" \/><param name=\"wmode\" value=\"opaque\" \/><param name=\"SeamlessTabbing\" value=\"false\" \/><video poster=\"http:\/\/api.kewego.com\/video\/getHTML5Thumbnail\/?playerKey=45ead001d848&#038;sig=831a095cac8s\" height=\"100%\" width=\"100%\" preload=\"none\"  controls=\"controls\"><\/video><script src=\"http:\/\/sa.kewego.com\/embed\/assets\/kplayer-standalone.js\"><\/script><script defer=\"defer\">kitd.html5loader(\"flash_kplayer_831a095cac8s\");<\/script><\/object><\/div>\n<\/p><\/div>\n","protected":false},"excerpt":{"rendered":"<p>Cairn de Gavrinis (56). Comment gravaient les hommes du n\u00e9olithique ? 2 mai 2012 \u00e0 21h48 http:\/\/www.letelegramme.com\/local\/morbihan\/vannes-auray\/cantonvannes\/larmorbaden\/cairn-de-gavrinis-56-comment-gravaient-les-hommes-du-neolithique-02-05-2012-1689063.php Comment les hommes du n\u00e9olithique s\u2019y sont pris pour graver les st\u00e8les du cairn de Gavrinis ? C\u2019est la question que se posent des arch\u00e9ologues. Et pour y r\u00e9pondre, c\u2019est la voie de l\u2019exp\u00e9rimentation qu\u2019ils ont choisie. Mercredi, &hellip; <a href=\"https:\/\/www.keris-studio.fr\/blog\/?p=1796\" class=\"more-link\">Continuer la lecture de <span class=\"screen-reader-text\">Gavrinis&ndash;le Telegramme<\/span>  <span class=\"meta-nav\">&rarr;<\/span><\/a><\/p>\n","protected":false},"author":1,"featured_media":0,"comment_status":"open","ping_status":"open","sticky":false,"template":"","format":"standard","meta":{"footnotes":""},"categories":[117,107,8,26,128],"tags":[307,310],"class_list":["post-1796","post","type-post","status-publish","format-standard","hentry","category-archeologie","category-gavrinis","category-methodologie","category-production","category-references","tag-gavrinis","tag-presse"],"_links":{"self":[{"href":"https:\/\/www.keris-studio.fr\/blog\/index.php?rest_route=\/wp\/v2\/posts\/1796","targetHints":{"allow":["GET"]}}],"collection":[{"href":"https:\/\/www.keris-studio.fr\/blog\/index.php?rest_route=\/wp\/v2\/posts"}],"about":[{"href":"https:\/\/www.keris-studio.fr\/blog\/index.php?rest_route=\/wp\/v2\/types\/post"}],"author":[{"embeddable":true,"href":"https:\/\/www.keris-studio.fr\/blog\/index.php?rest_route=\/wp\/v2\/users\/1"}],"replies":[{"embeddable":true,"href":"https:\/\/www.keris-studio.fr\/blog\/index.php?rest_route=%2Fwp%2Fv2%2Fcomments&post=1796"}],"version-history":[{"count":1,"href":"https:\/\/www.keris-studio.fr\/blog\/index.php?rest_route=\/wp\/v2\/posts\/1796\/revisions"}],"predecessor-version":[{"id":1797,"href":"https:\/\/www.keris-studio.fr\/blog\/index.php?rest_route=\/wp\/v2\/posts\/1796\/revisions\/1797"}],"wp:attachment":[{"href":"https:\/\/www.keris-studio.fr\/blog\/index.php?rest_route=%2Fwp%2Fv2%2Fmedia&parent=1796"}],"wp:term":[{"taxonomy":"category","embeddable":true,"href":"https:\/\/www.keris-studio.fr\/blog\/index.php?rest_route=%2Fwp%2Fv2%2Fcategories&post=1796"},{"taxonomy":"post_tag","embeddable":true,"href":"https:\/\/www.keris-studio.fr\/blog\/index.php?rest_route=%2Fwp%2Fv2%2Ftags&post=1796"}],"curies":[{"name":"wp","href":"https:\/\/api.w.org\/{rel}","templated":true}]}}