{"id":14276,"date":"2025-03-13T14:54:42","date_gmt":"2025-03-13T13:54:42","guid":{"rendered":"http:\/\/www.keris-studio.fr\/blog\/?p=14276"},"modified":"2025-03-13T14:54:47","modified_gmt":"2025-03-13T13:54:47","slug":"ia-reze-ia-presentation","status":"publish","type":"post","link":"https:\/\/www.keris-studio.fr\/blog\/?p=14276","title":{"rendered":"IA &#8211; Rez\u00e9 IA pr\u00e9sentation"},"content":{"rendered":"\n<p><\/p>\n\n\n\n<p>1er Caf\u00e9 IA \u00e0 Rez\u00e9 : penser la ville autrement avec l\u2019IA et changer le dialogue citoyen<\/p>\n\n\n\n<figure class=\"wp-block-image size-large\"><a href=\"https:\/\/www.keris-studio.fr\/blog\/wp-content\/rezeIa2.jpg\"><img loading=\"lazy\" decoding=\"async\" width=\"1024\" height=\"547\" src=\"https:\/\/www.keris-studio.fr\/blog\/wp-content\/rezeIa2-1024x547.jpg\" alt=\"\" class=\"wp-image-14277\" srcset=\"https:\/\/www.keris-studio.fr\/blog\/wp-content\/rezeIa2-1024x547.jpg 1024w, https:\/\/www.keris-studio.fr\/blog\/wp-content\/rezeIa2-300x160.jpg 300w, https:\/\/www.keris-studio.fr\/blog\/wp-content\/rezeIa2-768x410.jpg 768w, https:\/\/www.keris-studio.fr\/blog\/wp-content\/rezeIa2-1536x820.jpg 1536w, https:\/\/www.keris-studio.fr\/blog\/wp-content\/rezeIa2-2048x1094.jpg 2048w\" sizes=\"auto, (max-width: 1024px) 100vw, 1024px\" \/><\/a><\/figure>\n\n\n\n<p>Remerciement \u00e0 l&rsquo;\u00e9quipe du Bistro du V\u00e9lo \u00e0 Rez\u00e9 pour son accueil<br>Un enregistrement vid\u00e9o r\u00e9alis\u00e9 par monstudio.tv<\/p>\n\n\n\n<!--more-->\n\n\n\n<p>Voir la vid\u00e9o.<\/p>\n\n\n\n<figure class=\"wp-block-embed is-type-video is-provider-youtube wp-block-embed-youtube wp-embed-aspect-16-9 wp-has-aspect-ratio\"><div class=\"wp-block-embed__wrapper\">\n<iframe loading=\"lazy\" title=\"1er Caf\u00e9 IA \u00e0 Rez\u00e9 : penser la ville autrement avec l\u2019IA et changer le dialogue citoyen\" width=\"474\" height=\"267\" src=\"https:\/\/www.youtube.com\/embed\/WbTrERFdhTg?start=1813&#038;feature=oembed\" frameborder=\"0\" allow=\"accelerometer; autoplay; clipboard-write; encrypted-media; gyroscope; picture-in-picture; web-share\" referrerpolicy=\"strict-origin-when-cross-origin\" allowfullscreen><\/iframe>\n<\/div><\/figure>\n\n\n\n<figure class=\"wp-block-image size-large\"><a href=\"https:\/\/www.keris-studio.fr\/blog\/wp-content\/couve.jpg\"><img loading=\"lazy\" decoding=\"async\" width=\"1024\" height=\"540\" src=\"https:\/\/www.keris-studio.fr\/blog\/wp-content\/couve-1024x540.jpg\" alt=\"\" class=\"wp-image-14279\" srcset=\"https:\/\/www.keris-studio.fr\/blog\/wp-content\/couve-1024x540.jpg 1024w, https:\/\/www.keris-studio.fr\/blog\/wp-content\/couve-300x158.jpg 300w, https:\/\/www.keris-studio.fr\/blog\/wp-content\/couve-768x405.jpg 768w, https:\/\/www.keris-studio.fr\/blog\/wp-content\/couve-1536x810.jpg 1536w, https:\/\/www.keris-studio.fr\/blog\/wp-content\/couve-2048x1081.jpg 2048w\" sizes=\"auto, (max-width: 1024px) 100vw, 1024px\" \/><\/a><\/figure>\n\n\n\n<figure class=\"wp-block-embed\"><div class=\"wp-block-embed__wrapper\">\nhttps:\/\/www.facebook.com\/groups\/rezeia\n<\/div><\/figure>\n","protected":false},"excerpt":{"rendered":"<p>1er Caf\u00e9 IA \u00e0 Rez\u00e9 : penser la ville autrement avec l\u2019IA et changer le dialogue citoyen Remerciement \u00e0 l&rsquo;\u00e9quipe du Bistro du V\u00e9lo \u00e0 Rez\u00e9 pour son accueilUn enregistrement vid\u00e9o r\u00e9alis\u00e9 par monstudio.tv<\/p>\n","protected":false},"author":2,"featured_media":14278,"comment_status":"open","ping_status":"open","sticky":false,"template":"","format":"standard","meta":{"footnotes":""},"categories":[593],"tags":[57,546,578],"class_list":["post-14276","post","type-post","status-publish","format-standard","has-post-thumbnail","hentry","category-artificial","tag-architecture","tag-artificial-intelligence","tag-conference-2"],"_links":{"self":[{"href":"https:\/\/www.keris-studio.fr\/blog\/index.php?rest_route=\/wp\/v2\/posts\/14276","targetHints":{"allow":["GET"]}}],"collection":[{"href":"https:\/\/www.keris-studio.fr\/blog\/index.php?rest_route=\/wp\/v2\/posts"}],"about":[{"href":"https:\/\/www.keris-studio.fr\/blog\/index.php?rest_route=\/wp\/v2\/types\/post"}],"author":[{"embeddable":true,"href":"https:\/\/www.keris-studio.fr\/blog\/index.php?rest_route=\/wp\/v2\/users\/2"}],"replies":[{"embeddable":true,"href":"https:\/\/www.keris-studio.fr\/blog\/index.php?rest_route=%2Fwp%2Fv2%2Fcomments&post=14276"}],"version-history":[{"count":1,"href":"https:\/\/www.keris-studio.fr\/blog\/index.php?rest_route=\/wp\/v2\/posts\/14276\/revisions"}],"predecessor-version":[{"id":14280,"href":"https:\/\/www.keris-studio.fr\/blog\/index.php?rest_route=\/wp\/v2\/posts\/14276\/revisions\/14280"}],"wp:featuredmedia":[{"embeddable":true,"href":"https:\/\/www.keris-studio.fr\/blog\/index.php?rest_route=\/wp\/v2\/media\/14278"}],"wp:attachment":[{"href":"https:\/\/www.keris-studio.fr\/blog\/index.php?rest_route=%2Fwp%2Fv2%2Fmedia&parent=14276"}],"wp:term":[{"taxonomy":"category","embeddable":true,"href":"https:\/\/www.keris-studio.fr\/blog\/index.php?rest_route=%2Fwp%2Fv2%2Fcategories&post=14276"},{"taxonomy":"post_tag","embeddable":true,"href":"https:\/\/www.keris-studio.fr\/blog\/index.php?rest_route=%2Fwp%2Fv2%2Ftags&post=14276"}],"curies":[{"name":"wp","href":"https:\/\/api.w.org\/{rel}","templated":true}]}}