{"id":13,"date":"2009-04-22T13:48:57","date_gmt":"2009-04-22T12:48:57","guid":{"rendered":"http:\/\/www.keris-studio.fr\/blog\/?p=13"},"modified":"2014-10-04T15:34:08","modified_gmt":"2014-10-04T14:34:08","slug":"le-docteur-architecte-et-le-milieu-operationnel-quelle-place-quel-avenir","status":"publish","type":"post","link":"https:\/\/www.keris-studio.fr\/blog\/?p=13","title":{"rendered":"Le docteur architecte et le milieu op\u00e9rationnel : quelle place, quel avenir ?"},"content":{"rendered":"<h3>Quelle peut \u00eatre la place d\u2019un docteur architecte dans le milieu op\u00e9rationnel\u00a0?<\/h3>\n<p>Quelles sont les charges pesant sur le docteur architecte le p\u00e9nalisant dans la course \u00e0 l\u2019emploi dans les milieux de l\u2019architecture et de l\u2019urbanisme\u00a0? Comment valoriser une sp\u00e9cificit\u00e9 pas vraiment reconnue de la profession\u00a0?<\/p>\n<p><o:p>\u00a0<\/o:p>Il existe de nombreuses inconnues dans la d\u00e9nomination m\u00eame du docteur architecte. Le dipl\u00f4me d\u2019architecte est un dipl\u00f4me d\u2019\u00e9tat, d\u00e9tach\u00e9 (jusqu\u2019\u00e0 pr\u00e9sent, jusqu\u2019\u00e0 la mise en place de la r\u00e9forme LMD) du cursus universitaire classique. Le dipl\u00f4m\u00e9 ne pourra exercer sa profession qu\u2019une fois inscrit \u00e0 l\u2019ordre des architectes ou sous la forme d\u2019un emploi salari\u00e9 o\u00f9 il n\u2019aura aucunes responsabilit\u00e9s vis \u00e0 vis des projets sur lesquels il pourra intervenir.<o:p>\u00a0<\/o:p>Les doctorats dans lesquels s\u2019investissent les architectes ne sont pas des doctorats sp\u00e9cifiques \u00e0 l\u2019architecture. Ce sont souvent des sp\u00e9cialit\u00e9s pr\u00e9sentes dans le bon exercice de la profession enrichissant les savoirs et parfois les savoirs faire, mais n\u2019ont nullement de valeur globalisante rendant compte de l\u2019ensemble des facettes du m\u00e9tier.La profession regarde rarement la surench\u00e8re de dipl\u00f4me comme une preuve de comp\u00e9tence. Le m\u00e9tier d\u2019architecte complexe et redoutable dans ses cons\u00e9quences s\u2019il en est, se fonde ann\u00e9es apr\u00e8s ann\u00e9es sur l\u2019exp\u00e9rience. Le talent cr\u00e9atif et le savoir concevoir ne d\u00e9finissent que partiellement les qualit\u00e9s requises pour exercer, tant il vrai qu\u2019il faut y ajouter des qualit\u00e9s de gestion et surtout de mise en coh\u00e9rence des tr\u00e8s nombreuses donn\u00e9es que le professionnel a \u00e0 g\u00e9rer.De par sa nature, la doctorat isole le th\u00e9sard de deux valeurs fondamentales structurantes du m\u00e9tier d\u2019architecte\u00a0:<\/p>\n<ol>\n<li>la mise en relation de donn\u00e9es partielles techniques ou th\u00e9oriques (qui fondent g\u00e9n\u00e9ralement les sujets de th\u00e8se en les raccordant aux disciplines p\u00e9riph\u00e9riques \u00e0 l\u2019architecture) avec l\u2019ensemble coh\u00e9rent que l\u2019on pourrait appeler projet et<\/li>\n<li>la mise en relation avec les diff\u00e9rents intervenants du projet, allant de la ma\u00eetrise d\u2019ouvrage \u00e0 la ma\u00eetrise d\u2019\u0153uvre en passant par les collectivit\u00e9s ou les entreprises. (Ceci cr\u00e9ant souvent le paradoxe o\u00f9 l\u2019\u00e9tat de l\u2019art technique des recherches ignore les outils et techniques disponibles sur le march\u00e9).<\/li>\n<\/ol>\n<p><o:p>\u00a0<\/o:p>Le docteur architecte va donc de fa\u00e7on prioritaire trouver refuge dans les laboratoires de recherche ou dans l\u2019enseignement, tant il vrai toutefois que la titularisation de son poste ne pourra se faire qu\u2019\u00e0 des conditions d\u2019\u00e2ge et d\u2019exp\u00e9rience de terrain. S\u2019il veut retourner sur le march\u00e9 priv\u00e9, le docteur architecte sera confront\u00e9 aux \u00ab\u00a0simples dplg\u00a0\u00bb (selon l&rsquo;ancienne formulation) sa th\u00e8se pouvant d\u00e8s lors devenir un handicap (le fameux syndrome du surdipl\u00f4me).<o:p>\u00a0<\/o:p>Les alternatives existent n\u00e9anmoins (et heureusement). La profession d\u2019architecte \u00e9volue sans cesse et les demandes \u00e9manant de la ma\u00eetrise d\u2019ouvrage mais aussi plus largement de la soci\u00e9t\u00e9, vont croissantes et se complexifient d\u2019autant. Les probl\u00e9matiques de d\u00e9veloppement durable, de HQE, d\u2019agenda 21 demandent de mettre en place des programmes proches de ceux rencontr\u00e9s lors de la d\u00e9finition d\u2019une strat\u00e9gie de recherche\u00a0: approche pluridisciplinaire, \u00e9tat de l\u2019art, mise en place d\u2019hypoth\u00e8se sont ainsi autant de techniques r\u00e9clam\u00e9es.<o:p>\u00a0<\/o:p>Parmi toutes les conclusions que nous pourrions envisager sur le devenir des th\u00e9sards en formation, il en est une qui est particuli\u00e8rement adapt\u00e9e \u00e0 notre question\u00a0: le docteur architecte ne doit pas s\u2019envisager comme une personne (comp\u00e9tence) isol\u00e9e ou seule. Il doit s\u2019int\u00e9grer \u00e0 une \u00e9quipe qui d\u00e8s lors pourra pleinement b\u00e9n\u00e9ficier des facult\u00e9s d\u2019analyse, de synth\u00e8se, d\u2019invention et de restitution acquises lors de la th\u00e8se.<em>(J&rsquo;ai soutenu ma th\u00e8se en 1999 \u00e0 l&rsquo;amorce du mouvement visant \u00e0 cr\u00e9er de v\u00e9ritables th\u00e8ses en architecture, depuis les choses ont peu \u00e9volu\u00e9es)<\/em><\/p>\n","protected":false},"excerpt":{"rendered":"<p>Quelle peut \u00eatre la place d\u2019un docteur architecte dans le milieu op\u00e9rationnel\u00a0? Quelles sont les charges pesant sur le docteur architecte le p\u00e9nalisant dans la course \u00e0 l\u2019emploi dans les milieux de l\u2019architecture et de l\u2019urbanisme\u00a0? Comment valoriser une sp\u00e9cificit\u00e9 pas vraiment reconnue de la profession\u00a0? \u00a0Il existe de nombreuses inconnues dans la d\u00e9nomination m\u00eame &hellip; <a href=\"https:\/\/www.keris-studio.fr\/blog\/?p=13\" class=\"more-link\">Continuer la lecture de <span class=\"screen-reader-text\">Le docteur architecte et le milieu op\u00e9rationnel : quelle place, quel avenir ?<\/span>  <span class=\"meta-nav\">&rarr;<\/span><\/a><\/p>\n","protected":false},"author":1,"featured_media":0,"comment_status":"open","ping_status":"open","sticky":false,"template":"","format":"standard","meta":{"footnotes":""},"categories":[190,25,8],"tags":[57,59,50,33],"class_list":["post-13","post","type-post","status-publish","format-standard","hentry","category-architecture-2","category-etats-de-lart","category-methodologie","tag-architecture","tag-doctorat","tag-ensan","tag-lescop"],"_links":{"self":[{"href":"https:\/\/www.keris-studio.fr\/blog\/index.php?rest_route=\/wp\/v2\/posts\/13","targetHints":{"allow":["GET"]}}],"collection":[{"href":"https:\/\/www.keris-studio.fr\/blog\/index.php?rest_route=\/wp\/v2\/posts"}],"about":[{"href":"https:\/\/www.keris-studio.fr\/blog\/index.php?rest_route=\/wp\/v2\/types\/post"}],"author":[{"embeddable":true,"href":"https:\/\/www.keris-studio.fr\/blog\/index.php?rest_route=\/wp\/v2\/users\/1"}],"replies":[{"embeddable":true,"href":"https:\/\/www.keris-studio.fr\/blog\/index.php?rest_route=%2Fwp%2Fv2%2Fcomments&post=13"}],"version-history":[{"count":1,"href":"https:\/\/www.keris-studio.fr\/blog\/index.php?rest_route=\/wp\/v2\/posts\/13\/revisions"}],"predecessor-version":[{"id":2786,"href":"https:\/\/www.keris-studio.fr\/blog\/index.php?rest_route=\/wp\/v2\/posts\/13\/revisions\/2786"}],"wp:attachment":[{"href":"https:\/\/www.keris-studio.fr\/blog\/index.php?rest_route=%2Fwp%2Fv2%2Fmedia&parent=13"}],"wp:term":[{"taxonomy":"category","embeddable":true,"href":"https:\/\/www.keris-studio.fr\/blog\/index.php?rest_route=%2Fwp%2Fv2%2Fcategories&post=13"},{"taxonomy":"post_tag","embeddable":true,"href":"https:\/\/www.keris-studio.fr\/blog\/index.php?rest_route=%2Fwp%2Fv2%2Ftags&post=13"}],"curies":[{"name":"wp","href":"https:\/\/api.w.org\/{rel}","templated":true}]}}