{"id":10306,"date":"2017-11-18T09:51:52","date_gmt":"2017-11-18T08:51:52","guid":{"rendered":"http:\/\/www.keris-studio.fr\/blog\/?p=10306"},"modified":"2017-11-18T09:55:11","modified_gmt":"2017-11-18T08:55:11","slug":"figurations-de-lintangible","status":"publish","type":"post","link":"https:\/\/www.keris-studio.fr\/blog\/?p=10306","title":{"rendered":"Figurations de l&rsquo;intangible"},"content":{"rendered":"<h1>Les invariants<\/h1>\n<p>Il y a-t-il, en arrivant au terme de cette exploration de figurations remarquables, o\u00f9 les ph\u00e9nom\u00e8nes d\u2019ambiance sont repr\u00e9sent\u00e9s, des invariants, des images prototypiques pour le vent, le soleil et la lumi\u00e8re, la temp\u00e9rature et le son\u00a0? Si ces prototypes existent, ils pourront \u00eatre utilis\u00e9s dans la construction des topiques d\u2019ambiance (voir le chapitre concernant ce th\u00e8me) et plus g\u00e9n\u00e9ralement dans les phases de r\u00e9f\u00e9rencement du projet, en accompagnement d\u2019autres \u00e9l\u00e9ments graphiques ou textuels.<\/p>\n<p>Les invariants sont en quelque sorte les atomes d\u2019ambiances, les <em>ambiantit\u00e9s<\/em> comme cela a d\u00e9j\u00e0 \u00e9t\u00e9 nomm\u00e9 plus haut. C\u2019est ce qui reste lorsque l\u2019on retire \u00e0 l\u2019image son principe de composition et de cadrage et la co-pr\u00e9sence des s\u00e9ries. On retrouve donc, le mode d\u2019expression graphique propre et les couleurs.<!--more--><\/p>\n<h2>Les invariants du son<\/h2>\n<p>En dehors des ic\u00f4nes et du syst\u00e8me de notation symbolique, il est possible de d\u00e9terminer des invariants graphiques. Ces invariants sont de deux types, ceux concernant le ph\u00e9nom\u00e8ne lui-m\u00eame et sa repr\u00e9sentation, et ceux concernant les effets du ph\u00e9nom\u00e8ne. Pour simplifier, <strong>plus l\u2019image se veut \u00abr\u00e9aliste\u00bb, plus il est fait appel aux effets, plus elle se veut \u00abexplicative\u00bb, plus il est donn\u00e9 \u00e0 voir les ph\u00e9nom\u00e8nes<\/strong>. Il est important de noter <strong>que dans les deux cas, les figurations sont descriptives<\/strong>.<\/p>\n<table>\n<tbody>\n<tr>\n<td><img loading=\"lazy\" decoding=\"async\" class=\"alignnone wp-image-10307\" src=\"https:\/\/www.keris-studio.fr\/blog\/wp-content\/c-mes-documents-representation-acoustik-ph_son01-.png\" alt=\"C:\\Mes Documents\\repr\u00e9sentation\\acoustik\\ph_son01.gif\" width=\"100\" height=\"100\" srcset=\"https:\/\/www.keris-studio.fr\/blog\/wp-content\/c-mes-documents-representation-acoustik-ph_son01-.png 280w, https:\/\/www.keris-studio.fr\/blog\/wp-content\/c-mes-documents-representation-acoustik-ph_son01--150x150.png 150w\" sizes=\"auto, (max-width: 100px) 100vw, 100px\" \/><\/td>\n<td><img loading=\"lazy\" decoding=\"async\" class=\"alignnone wp-image-10308\" src=\"https:\/\/www.keris-studio.fr\/blog\/wp-content\/c-mes-documents-representation-acoustik-ph_son03-.png\" alt=\"C:\\Mes Documents\\repr\u00e9sentation\\acoustik\\ph_son03.gif\" width=\"95\" height=\"95\" \/><\/td>\n<td><img loading=\"lazy\" decoding=\"async\" class=\"alignnone wp-image-10309\" src=\"https:\/\/www.keris-studio.fr\/blog\/wp-content\/c-mes-documents-representation-acoustik-ph_son05-.png\" alt=\"C:\\Mes Documents\\repr\u00e9sentation\\acoustik\\ph_son05.gif\" width=\"95\" height=\"95\" \/><\/td>\n<td><img loading=\"lazy\" decoding=\"async\" class=\"alignnone wp-image-10310\" src=\"https:\/\/www.keris-studio.fr\/blog\/wp-content\/c-mes-documents-representation-acoustik-ph_son02-.png\" alt=\"C:\\Mes Documents\\repr\u00e9sentation\\acoustik\\ph_son02.gif\" width=\"76\" height=\"76\" \/><\/td>\n<td><img loading=\"lazy\" decoding=\"async\" class=\"alignnone wp-image-10311\" src=\"https:\/\/www.keris-studio.fr\/blog\/wp-content\/c-mes-documents-representation-acoustik-ph_son04-.png\" alt=\"C:\\Mes Documents\\repr\u00e9sentation\\acoustik\\ph_son04.gif\" width=\"71\" height=\"71\" \/><\/td>\n<\/tr>\n<tr>\n<td>L\u2019onomatop\u00e9e<\/td>\n<td>Source et direction<\/td>\n<td>Source et diffusion<\/td>\n<td>Ondelettes<\/td>\n<td>Effets induits<\/td>\n<\/tr>\n<\/tbody>\n<\/table>\n<p>Les sons sont \u00e9crits autant que dessin\u00e9s, une onomatop\u00e9e transcrivant chaque type de bruit. Les sons se diffusent par segments ou ondes concentriques ou ondelettes depuis la source. Un son violent d\u00e9truit les objets (m\u00eame l\u2019objet \u00e9metteur) et les \u00eatres \u00e0 proximit\u00e9.<\/p>\n<h2>Les invariants de la temp\u00e9rature<\/h2>\n<p>Les invariants de la temp\u00e9rature se r\u00e9partissent entre lieux tr\u00e8s chauds et tr\u00e8s froids. Entre ces deux extr\u00eames, la temp\u00e9rature ne joue plus un r\u00f4le d\u00e9terminant dans la sc\u00e8ne et donc dans la repr\u00e9sentation.<\/p>\n<h3>Le chaud<\/h3>\n<table>\n<tbody>\n<tr>\n<td><img loading=\"lazy\" decoding=\"async\" width=\"99\" height=\"99\" class=\"wp-image-10312\" src=\"https:\/\/www.keris-studio.fr\/blog\/wp-content\/c-mes-documents-representation-temperature-chaud0.png\" alt=\"C:\\Mes Documents\\repr\u00e9sentation\\temp\u00e9rature\\chaud01.gif\" \/><\/td>\n<td><img loading=\"lazy\" decoding=\"async\" width=\"388\" height=\"388\" class=\"wp-image-10313\" src=\"https:\/\/www.keris-studio.fr\/blog\/wp-content\/c-mes-documents-representation-temperature-chaud0-1.png\" alt=\"C:\\Mes Documents\\repr\u00e9sentation\\temp\u00e9rature\\chaud02.gif\" srcset=\"https:\/\/www.keris-studio.fr\/blog\/wp-content\/c-mes-documents-representation-temperature-chaud0-1.png 388w, https:\/\/www.keris-studio.fr\/blog\/wp-content\/c-mes-documents-representation-temperature-chaud0-1-150x150.png 150w, https:\/\/www.keris-studio.fr\/blog\/wp-content\/c-mes-documents-representation-temperature-chaud0-1-300x300.png 300w\" sizes=\"auto, (max-width: 388px) 100vw, 388px\" \/><\/td>\n<td><img loading=\"lazy\" decoding=\"async\" width=\"453\" height=\"453\" class=\"wp-image-10314\" src=\"https:\/\/www.keris-studio.fr\/blog\/wp-content\/c-mes-documents-representation-temperature-chaud0-2.png\" alt=\"C:\\Mes Documents\\repr\u00e9sentation\\temp\u00e9rature\\chaud03.gif\" srcset=\"https:\/\/www.keris-studio.fr\/blog\/wp-content\/c-mes-documents-representation-temperature-chaud0-2.png 453w, https:\/\/www.keris-studio.fr\/blog\/wp-content\/c-mes-documents-representation-temperature-chaud0-2-150x150.png 150w, https:\/\/www.keris-studio.fr\/blog\/wp-content\/c-mes-documents-representation-temperature-chaud0-2-300x300.png 300w\" sizes=\"auto, (max-width: 453px) 100vw, 453px\" \/><\/td>\n<td><img loading=\"lazy\" decoding=\"async\" width=\"150\" height=\"150\" class=\"wp-image-10315\" src=\"https:\/\/www.keris-studio.fr\/blog\/wp-content\/c-mes-documents-representation-temperature-chaud0-3.png\" alt=\"C:\\Mes Documents\\repr\u00e9sentation\\temp\u00e9rature\\chaud04.gif\" \/><\/td>\n<td><img loading=\"lazy\" decoding=\"async\" width=\"150\" height=\"150\" class=\"wp-image-10316\" src=\"https:\/\/www.keris-studio.fr\/blog\/wp-content\/c-mes-documents-representation-temperature-chaud0-4.png\" alt=\"C:\\Mes Documents\\repr\u00e9sentation\\temp\u00e9rature\\chaud05.gif\" \/><\/td>\n<\/tr>\n<tr>\n<td>Accessoire<\/td>\n<td>Transpiration<\/td>\n<td>Signes de mort<\/td>\n<td>Ombres<\/td>\n<td>Diffusion et volutes<\/td>\n<\/tr>\n<\/tbody>\n<\/table>\n<p>Le chaud se manifeste sur les individus par des r\u00e9actions corporelles, transpiration, brouillage de la vue. On se prot\u00e9gera par divers accessoires, chapeau, lunettes noires. Les contrastes sont violents, les ombres profondes et verticales et peuvent appara\u00eetre par taches (ombres panth\u00e8re). Des signes ext\u00e9rieurs souvent macabres indiquent que l\u2019endroit est soumis \u00e0 une chaleur hostile. La chaleur se diffuse par volutes.<\/p>\n<h3>Le froid<\/h3>\n<table>\n<tbody>\n<tr>\n<td><img loading=\"lazy\" decoding=\"async\" width=\"115\" height=\"115\" class=\"wp-image-10317\" src=\"https:\/\/www.keris-studio.fr\/blog\/wp-content\/c-mes-documents-representation-temperature-froid0.png\" alt=\"C:\\Mes Documents\\repr\u00e9sentation\\temp\u00e9rature\\froid01.gif\" \/><\/td>\n<td><img loading=\"lazy\" decoding=\"async\" width=\"109\" height=\"109\" class=\"wp-image-10318\" src=\"https:\/\/www.keris-studio.fr\/blog\/wp-content\/c-mes-documents-representation-temperature-froid0-1.png\" alt=\"C:\\Mes Documents\\repr\u00e9sentation\\temp\u00e9rature\\froid02.gif\" \/><\/td>\n<td><img loading=\"lazy\" decoding=\"async\" width=\"123\" height=\"123\" class=\"wp-image-10319\" src=\"https:\/\/www.keris-studio.fr\/blog\/wp-content\/c-mes-documents-representation-temperature-froid0-2.png\" alt=\"C:\\Mes Documents\\repr\u00e9sentation\\temp\u00e9rature\\froid03.gif\" \/><\/td>\n<td><img loading=\"lazy\" decoding=\"async\" width=\"150\" height=\"150\" class=\"wp-image-10320\" src=\"https:\/\/www.keris-studio.fr\/blog\/wp-content\/c-mes-documents-representation-temperature-froid0-3.png\" alt=\"C:\\Mes Documents\\repr\u00e9sentation\\temp\u00e9rature\\froid04..gif\" \/><\/td>\n<td><img loading=\"lazy\" decoding=\"async\" class=\"alignnone wp-image-10321\" src=\"https:\/\/www.keris-studio.fr\/blog\/wp-content\/c-mes-documents-representation-temperature-froid0-4.png\" alt=\"C:\\Mes Documents\\repr\u00e9sentation\\temp\u00e9rature\\froid05..gif\" width=\"95\" height=\"95\" \/><\/td>\n<\/tr>\n<tr>\n<td>Visage gel\u00e9<\/td>\n<td>Goutte au nez<\/td>\n<td>Couleurs diffuses<\/td>\n<td>Signes de mort<\/td>\n<td>Silhouettes engonc\u00e9es<\/td>\n<\/tr>\n<\/tbody>\n<\/table>\n<p>Le froid se manifeste sur les individus \u00e9galement par des r\u00e9actions corporelles, visage bleui, goutte au nez. On s\u2019en prot\u00e8ge par de lourds v\u00eatements rendant la silhouette lourde et maladroite. Les tons sont homog\u00e8nes, les contours des objets peu affirm\u00e9s, les ombres rares. La profondeur de champ est faible. Les signes de vie sont rares s\u2019ils ne sont pas humains, souvent symbole de p\u00e9rils.<\/p>\n<h2>Les invariants du vent<\/h2>\n<p>Les invariants du vent se r\u00e9partissent entre repr\u00e9sentation du ph\u00e9nom\u00e8ne et repr\u00e9sentation des effets. Il arrive que les deux soient superpos\u00e9s.<\/p>\n<h3>Le ph\u00e9nom\u00e8ne<\/h3>\n<table>\n<tbody>\n<tr>\n<td><img loading=\"lazy\" decoding=\"async\" width=\"112\" height=\"112\" class=\"wp-image-10322\" src=\"https:\/\/www.keris-studio.fr\/blog\/wp-content\/c-mes-documents-representation-vent-phvent01-gif.png\" alt=\"C:\\Mes Documents\\repr\u00e9sentation\\vent\\phvent01.gif\" \/><\/td>\n<td><img loading=\"lazy\" decoding=\"async\" width=\"153\" height=\"153\" class=\"wp-image-10323\" src=\"https:\/\/www.keris-studio.fr\/blog\/wp-content\/c-mes-documents-representation-vent-phvent02-gif.png\" alt=\"C:\\Mes Documents\\repr\u00e9sentation\\vent\\phvent02.gif\" srcset=\"https:\/\/www.keris-studio.fr\/blog\/wp-content\/c-mes-documents-representation-vent-phvent02-gif.png 153w, https:\/\/www.keris-studio.fr\/blog\/wp-content\/c-mes-documents-representation-vent-phvent02-gif-150x150.png 150w\" sizes=\"auto, (max-width: 153px) 100vw, 153px\" \/><\/td>\n<td><img loading=\"lazy\" decoding=\"async\" width=\"116\" height=\"116\" class=\"wp-image-10324\" src=\"https:\/\/www.keris-studio.fr\/blog\/wp-content\/c-mes-documents-representation-vent-phvent03-gif.png\" alt=\"C:\\Mes Documents\\repr\u00e9sentation\\vent\\phvent03.gif\" \/><\/td>\n<td><img loading=\"lazy\" decoding=\"async\" class=\"alignnone wp-image-10325\" src=\"https:\/\/www.keris-studio.fr\/blog\/wp-content\/c-mes-documents-representation-vent-phvent04-gif.png\" alt=\"C:\\Mes Documents\\repr\u00e9sentation\\vent\\phvent04.gif\" width=\"75\" height=\"75\" srcset=\"https:\/\/www.keris-studio.fr\/blog\/wp-content\/c-mes-documents-representation-vent-phvent04-gif.png 216w, https:\/\/www.keris-studio.fr\/blog\/wp-content\/c-mes-documents-representation-vent-phvent04-gif-150x150.png 150w\" sizes=\"auto, (max-width: 75px) 100vw, 75px\" \/><\/td>\n<td><img loading=\"lazy\" decoding=\"async\" width=\"150\" height=\"150\" class=\"wp-image-10326\" src=\"https:\/\/www.keris-studio.fr\/blog\/wp-content\/c-mes-documents-representation-vent-phvent05-gif.png\" alt=\"C:\\Mes Documents\\repr\u00e9sentation\\vent\\phvent05.gif\" \/><\/td>\n<\/tr>\n<tr>\n<td>Lignes<\/td>\n<td>Rose<\/td>\n<td>Fl\u00e8ches<\/td>\n<td>Nu\u00e9e<\/td>\n<td>Visage<\/td>\n<\/tr>\n<\/tbody>\n<\/table>\n<p>Le vent est figur\u00e9 par des particules en mouvement, des lignes ou des fl\u00e8ches. Plus sage, la rose des vents donne les directions. Le vent est aussi incarn\u00e9 par un visage joufflu.<\/p>\n<h3>Les effets du ph\u00e9nom\u00e8ne<\/h3>\n<table>\n<tbody>\n<tr>\n<td><img loading=\"lazy\" decoding=\"async\" width=\"266\" height=\"266\" class=\"wp-image-10327\" src=\"https:\/\/www.keris-studio.fr\/blog\/wp-content\/c-mes-documents-representation-vent-efvent01-gif.png\" alt=\"C:\\Mes Documents\\repr\u00e9sentation\\vent\\efvent01.gif\" srcset=\"https:\/\/www.keris-studio.fr\/blog\/wp-content\/c-mes-documents-representation-vent-efvent01-gif.png 266w, https:\/\/www.keris-studio.fr\/blog\/wp-content\/c-mes-documents-representation-vent-efvent01-gif-150x150.png 150w\" sizes=\"auto, (max-width: 266px) 100vw, 266px\" \/><\/td>\n<td><img loading=\"lazy\" decoding=\"async\" width=\"113\" height=\"113\" class=\"wp-image-10328\" src=\"https:\/\/www.keris-studio.fr\/blog\/wp-content\/c-mes-documents-representation-vent-efvent02-gif.png\" alt=\"C:\\Mes Documents\\repr\u00e9sentation\\vent\\efvent02.gif\" \/><\/td>\n<td><img loading=\"lazy\" decoding=\"async\" width=\"441\" height=\"441\" class=\"wp-image-10329\" src=\"https:\/\/www.keris-studio.fr\/blog\/wp-content\/c-mes-documents-representation-vent-efvent03-gif.png\" alt=\"C:\\Mes Documents\\repr\u00e9sentation\\vent\\efvent03.gif\" srcset=\"https:\/\/www.keris-studio.fr\/blog\/wp-content\/c-mes-documents-representation-vent-efvent03-gif.png 441w, https:\/\/www.keris-studio.fr\/blog\/wp-content\/c-mes-documents-representation-vent-efvent03-gif-150x150.png 150w, https:\/\/www.keris-studio.fr\/blog\/wp-content\/c-mes-documents-representation-vent-efvent03-gif-300x300.png 300w\" sizes=\"auto, (max-width: 441px) 100vw, 441px\" \/><\/td>\n<td><img loading=\"lazy\" decoding=\"async\" width=\"126\" height=\"126\" class=\"wp-image-10330\" src=\"https:\/\/www.keris-studio.fr\/blog\/wp-content\/c-mes-documents-representation-vent-efvent04-gif.png\" alt=\"C:\\Mes Documents\\repr\u00e9sentation\\vent\\efvent04.gif\" \/><\/td>\n<td><img loading=\"lazy\" decoding=\"async\" width=\"127\" height=\"127\" class=\"wp-image-10331\" src=\"https:\/\/www.keris-studio.fr\/blog\/wp-content\/c-mes-documents-representation-vent-efvent05-gif.png\" alt=\"C:\\Mes Documents\\repr\u00e9sentation\\vent\\efvent05.gif\" \/><\/td>\n<\/tr>\n<tr>\n<td>Objets souffl\u00e9s<\/td>\n<td>Intemp\u00e9ries<\/td>\n<td>Ebouriffement<\/td>\n<td>D\u00e9s\u00e9quilibre<\/td>\n<td>Destructions<\/td>\n<\/tr>\n<\/tbody>\n<\/table>\n<p>Les effets sont surtout donn\u00e9s quand les vents sont violents. Les drapeaux se l\u00e8vent, les nuages s\u2019amoncellent, les coiffures s\u2019\u00e9bouriffent, les silhouettes vacillent et les objets s\u2019envolent. Si le vent est trop faible, il n\u2019est pas repr\u00e9sent\u00e9.<\/p>\n<h2>Les invariants du soleil<\/h2>\n<p>Le soleil est tr\u00e8s pr\u00e9sent dans les repr\u00e9sentations, m\u00eame si son r\u00f4le est mineur dans la d\u00e9finition du lieu. A pr\u00e9sence du soleil, comme dans les dessins d\u2019enfants, indique la position du ciel, le haut du dessin donc. Il a donc moins un r\u00f4le descriptif qu\u2019une pr\u00e9sence rassurante dans l\u2019image\u00a0: la sc\u00e8ne se passe dans un monde connu, en plein jour. Lorsque des auteurs veulent instaurer un d\u00e9calage, ils perturbent l\u2019image du soleil. L\u2019imagerie de science-fiction est riche de ces mondes, fid\u00e8les copies des paysages terrestres, mis \u00e0 part le soleil, qui appara\u00eetra en double ou triple, vert ou rouge, gigantesque ou annel\u00e9.<\/p>\n<h3>Le soleil<\/h3>\n<table>\n<tbody>\n<tr>\n<td><img loading=\"lazy\" decoding=\"async\" width=\"209\" height=\"209\" class=\"wp-image-10332\" src=\"https:\/\/www.keris-studio.fr\/blog\/wp-content\/c-mes-documents-representation-soleil-ph_sol02-gi.png\" alt=\"C:\\Mes Documents\\repr\u00e9sentation\\soleil\\ph_sol02.GIF\" srcset=\"https:\/\/www.keris-studio.fr\/blog\/wp-content\/c-mes-documents-representation-soleil-ph_sol02-gi.png 209w, https:\/\/www.keris-studio.fr\/blog\/wp-content\/c-mes-documents-representation-soleil-ph_sol02-gi-150x150.png 150w\" sizes=\"auto, (max-width: 209px) 100vw, 209px\" \/><\/td>\n<td><img loading=\"lazy\" decoding=\"async\" width=\"150\" height=\"150\" class=\"wp-image-10333\" src=\"https:\/\/www.keris-studio.fr\/blog\/wp-content\/c-mes-documents-representation-soleil-ph_sol03-gi.png\" alt=\"C:\\Mes Documents\\repr\u00e9sentation\\soleil\\ph_sol03.GIF\" \/><\/td>\n<td><img loading=\"lazy\" decoding=\"async\" width=\"244\" height=\"244\" class=\"wp-image-10334\" src=\"https:\/\/www.keris-studio.fr\/blog\/wp-content\/c-mes-documents-representation-soleil-ph_sol01-gi.png\" alt=\"C:\\Mes Documents\\repr\u00e9sentation\\soleil\\ph_sol01.GIF\" srcset=\"https:\/\/www.keris-studio.fr\/blog\/wp-content\/c-mes-documents-representation-soleil-ph_sol01-gi.png 244w, https:\/\/www.keris-studio.fr\/blog\/wp-content\/c-mes-documents-representation-soleil-ph_sol01-gi-150x150.png 150w\" sizes=\"auto, (max-width: 244px) 100vw, 244px\" \/><\/td>\n<td><img loading=\"lazy\" decoding=\"async\" width=\"140\" height=\"140\" class=\"wp-image-10335\" src=\"https:\/\/www.keris-studio.fr\/blog\/wp-content\/c-mes-documents-representation-soleil-ph_sol04-gi.png\" alt=\"C:\\Mes Documents\\repr\u00e9sentation\\soleil\\ph_sol04.GIF\" \/><\/td>\n<td><img loading=\"lazy\" decoding=\"async\" width=\"182\" height=\"182\" class=\"wp-image-10336\" src=\"https:\/\/www.keris-studio.fr\/blog\/wp-content\/c-mes-documents-representation-soleil-ph_sol05-gi.png\" alt=\"C:\\Mes Documents\\repr\u00e9sentation\\soleil\\ph_sol05.GIF\" srcset=\"https:\/\/www.keris-studio.fr\/blog\/wp-content\/c-mes-documents-representation-soleil-ph_sol05-gi.png 182w, https:\/\/www.keris-studio.fr\/blog\/wp-content\/c-mes-documents-representation-soleil-ph_sol05-gi-150x150.png 150w\" sizes=\"auto, (max-width: 182px) 100vw, 182px\" \/><\/td>\n<\/tr>\n<tr>\n<td>Rayons<\/td>\n<td>Rayons et source<\/td>\n<td>Soleil<\/td>\n<td>Rayons sombres<\/td>\n<td>Soleil total<\/td>\n<\/tr>\n<\/tbody>\n<\/table>\n<p>Le soleil se manifeste sa seule pr\u00e9sence rayonnante, et \/ ou par ses rayons filtr\u00e9s, dirig\u00e9s et contr\u00f4l\u00e9s. A noter une nette propension dans l\u2019imagerie [pseudo]scientifique \u00e0 figurer les rayons lumineux avec des trames sombres.<\/p>\n<h3>La lumi\u00e8re<\/h3>\n<table>\n<tbody>\n<tr>\n<td><img loading=\"lazy\" decoding=\"async\" width=\"179\" height=\"179\" class=\"wp-image-10337\" src=\"https:\/\/www.keris-studio.fr\/blog\/wp-content\/c-mes-documents-representation-soleil-lum01-gif.png\" alt=\"C:\\Mes Documents\\repr\u00e9sentation\\soleil\\lum01.gif\" srcset=\"https:\/\/www.keris-studio.fr\/blog\/wp-content\/c-mes-documents-representation-soleil-lum01-gif.png 179w, https:\/\/www.keris-studio.fr\/blog\/wp-content\/c-mes-documents-representation-soleil-lum01-gif-150x150.png 150w\" sizes=\"auto, (max-width: 179px) 100vw, 179px\" \/><\/td>\n<td><img loading=\"lazy\" decoding=\"async\" width=\"142\" height=\"142\" class=\"wp-image-10338\" src=\"https:\/\/www.keris-studio.fr\/blog\/wp-content\/c-mes-documents-representation-soleil-lum02-gif.png\" alt=\"C:\\Mes Documents\\repr\u00e9sentation\\soleil\\lum02.gif\" \/><\/td>\n<td><img loading=\"lazy\" decoding=\"async\" width=\"150\" height=\"150\" class=\"wp-image-10339\" src=\"https:\/\/www.keris-studio.fr\/blog\/wp-content\/c-mes-documents-representation-soleil-lum03-gif.png\" alt=\"C:\\Mes Documents\\repr\u00e9sentation\\soleil\\lum03.gif\" \/><\/td>\n<td><img loading=\"lazy\" decoding=\"async\" width=\"150\" height=\"150\" class=\"wp-image-10340\" src=\"https:\/\/www.keris-studio.fr\/blog\/wp-content\/c-mes-documents-representation-soleil-lum04-gif.png\" alt=\"C:\\Mes Documents\\repr\u00e9sentation\\soleil\\lum04.gif\" \/><\/td>\n<td><img loading=\"lazy\" decoding=\"async\" width=\"117\" height=\"117\" class=\"wp-image-10341\" src=\"https:\/\/www.keris-studio.fr\/blog\/wp-content\/c-mes-documents-representation-soleil-lum05-gif.png\" alt=\"C:\\Mes Documents\\repr\u00e9sentation\\soleil\\lum05.gif\" \/><\/td>\n<\/tr>\n<tr>\n<td>Halo d\u00e9limit\u00e9<\/td>\n<td>Halo rayonnant<\/td>\n<td>Lumi\u00e8re cr\u00e9pitante<\/td>\n<td>Lumi\u00e8re et fl\u00e8ches<\/td>\n<td>Halo total<\/td>\n<\/tr>\n<\/tbody>\n<\/table>\n<p>Contrairement au soleil, la lumi\u00e8re d\u00e9crit des sources ponctuelles \u00e9mergeant d\u2019un environnement sombre. Cette lumi\u00e8re est d\u00e9termin\u00e9e par le halo qui l\u2019entoure et par le pinceau lumineux, ces deux \u00e9l\u00e9ments pr\u00e9cisant l\u2019intensit\u00e9 et la direction. Le halo peut avoir une fronti\u00e8re nette ou floue, la lumi\u00e8re peut \u00eatre stable ou irr\u00e9guli\u00e8re.<\/p>\n<h3>Les ombres<\/h3>\n<table>\n<tbody>\n<tr>\n<td><img loading=\"lazy\" decoding=\"async\" width=\"150\" height=\"150\" class=\"wp-image-10342\" src=\"https:\/\/www.keris-studio.fr\/blog\/wp-content\/c-mes-documents-representation-soleil-omb01-gif.png\" alt=\"C:\\Mes Documents\\repr\u00e9sentation\\soleil\\omb01.gif\" \/><\/td>\n<td><img loading=\"lazy\" decoding=\"async\" width=\"150\" height=\"150\" class=\"wp-image-10343\" src=\"https:\/\/www.keris-studio.fr\/blog\/wp-content\/c-mes-documents-representation-soleil-omb02-gif.png\" alt=\"C:\\Mes Documents\\repr\u00e9sentation\\soleil\\omb02.gif\" \/><\/td>\n<td><img loading=\"lazy\" decoding=\"async\" width=\"150\" height=\"150\" class=\"wp-image-10344\" src=\"https:\/\/www.keris-studio.fr\/blog\/wp-content\/c-mes-documents-representation-soleil-omb03-gif.png\" alt=\"C:\\Mes Documents\\repr\u00e9sentation\\soleil\\omb03.gif\" \/><\/td>\n<td><img loading=\"lazy\" decoding=\"async\" width=\"150\" height=\"150\" class=\"wp-image-10345\" src=\"https:\/\/www.keris-studio.fr\/blog\/wp-content\/c-mes-documents-representation-soleil-omb04-gif.png\" alt=\"C:\\Mes Documents\\repr\u00e9sentation\\soleil\\omb04.gif\" \/><\/td>\n<td><img loading=\"lazy\" decoding=\"async\" width=\"150\" height=\"150\" class=\"wp-image-10346\" src=\"https:\/\/www.keris-studio.fr\/blog\/wp-content\/c-mes-documents-representation-soleil-omb05-gif.png\" alt=\"C:\\Mes Documents\\repr\u00e9sentation\\soleil\\omb05.gif\" \/><\/td>\n<\/tr>\n<tr>\n<td>Douces et faibles<\/td>\n<td>Contrast\u00e9es<\/td>\n<td>G\u00e9om\u00e9triques<\/td>\n<td>Tachet\u00e9es<\/td>\n<td>Silhouett\u00e9es<\/td>\n<\/tr>\n<\/tbody>\n<\/table>\n<p>Que la lumi\u00e8re soit naturelle et solaire ou artificielle, les ombres d\u00e9veloppent leur propre monde. Elles peuvent \u00eatre douces, presque invisible comme en hiver, ou dure et contrast\u00e9es quand la source est violente, d\u2019une g\u00e9om\u00e9trie tr\u00e8s complexe sur les mod\u00e9natures architecturales, tachet\u00e9es ou z\u00e9br\u00e9es lorsque la lumi\u00e8re filtre \u00e0 travers une grille, un rideau ou un feuillage, silhouett\u00e9es, reproduisant nettement les contours de l\u2019objet ombr\u00e9. Il manque \u00e0 cet inventaire les ombres issues des traitements num\u00e9riques. C\u2019est qu\u2019elles sont \u00e0 fois tout cela et rien de cela. Si c\u2019est de la repr\u00e9sentation, il faut user de stratag\u00e8mes pour reproduire toute cette richesse, mais le r\u00e9sultat est garanti. Dans ce cas, c\u2019est de la peinture num\u00e9rique. Si ce sont des images analytiques, les subtilit\u00e9s disparaissent. Il n\u2019est par exemple pas possible de d\u00e9finir une ombre douce d\u2019une ombre dure.<\/p>\n<h2>Les invariants num\u00e9riques<\/h2>\n<p>Les invariants num\u00e9riques sont les types de traitement utilis\u00e9s pour d\u00e9crire les ph\u00e9nom\u00e8nes. La particularit\u00e9 de ces invariants est d\u2019\u00eatre ind\u00e9pendant du sujet qu\u2019ils traitent. Quel que soit le ph\u00e9nom\u00e8ne (sauf le vent), c\u2019est la m\u00eame figuration qui est employ\u00e9e.<\/p>\n<table>\n<tbody>\n<tr>\n<td><img loading=\"lazy\" decoding=\"async\" width=\"150\" height=\"150\" class=\"wp-image-10347\" src=\"https:\/\/www.keris-studio.fr\/blog\/wp-content\/c-mes-documents-representation-numerique-ph01-gif.png\" alt=\"C:\\Mes Documents\\repr\u00e9sentation\\num\u00e9rique\\ph01.gif\" \/><\/td>\n<td><img loading=\"lazy\" decoding=\"async\" width=\"150\" height=\"150\" class=\"wp-image-10348\" src=\"https:\/\/www.keris-studio.fr\/blog\/wp-content\/c-mes-documents-representation-numerique-ph02-gif.png\" alt=\"C:\\Mes Documents\\repr\u00e9sentation\\num\u00e9rique\\ph02.gif\" \/><\/td>\n<td><img loading=\"lazy\" decoding=\"async\" width=\"150\" height=\"150\" class=\"wp-image-10349\" src=\"https:\/\/www.keris-studio.fr\/blog\/wp-content\/c-mes-documents-representation-numerique-ph03-gif.png\" alt=\"C:\\Mes Documents\\repr\u00e9sentation\\num\u00e9rique\\ph03.gif\" \/><\/td>\n<td><img loading=\"lazy\" decoding=\"async\" width=\"150\" height=\"150\" class=\"wp-image-10350\" src=\"https:\/\/www.keris-studio.fr\/blog\/wp-content\/c-mes-documents-representation-numerique-ph04-gif.png\" alt=\"C:\\Mes Documents\\repr\u00e9sentation\\num\u00e9rique\\ph04.gif\" \/><\/td>\n<td><img loading=\"lazy\" decoding=\"async\" width=\"150\" height=\"150\" class=\"wp-image-10351\" src=\"https:\/\/www.keris-studio.fr\/blog\/wp-content\/c-mes-documents-representation-numerique-ph05-gif.png\" alt=\"C:\\Mes Documents\\repr\u00e9sentation\\num\u00e9rique\\ph05.gif\" \/><\/td>\n<\/tr>\n<tr>\n<td>Spectre<\/td>\n<td>Spectre doux<\/td>\n<td>Vecteurs<\/td>\n<td>Nuage<\/td>\n<td>Volume<\/td>\n<\/tr>\n<\/tbody>\n<\/table>\n<p>Le spectre est le d\u00e9grad\u00e9 de couleur qui dans deux dimensions utilise une \u00e9chelle par intervalle (passage franc entre deux groupes de valeurs). Le spectre doux offre un d\u00e9grad\u00e9 continu. Les vecteurs sont des petits segments (ou des fl\u00e8ches) qui indiquent, par leur densit\u00e9 et leur orientation, comment un ph\u00e9nom\u00e8ne occupe l\u2019espace. Le nuage participe du m\u00eame principe, sauf que la direction n\u2019est pas indiqu\u00e9e. Le volume (ce peut \u00eatre aussi une surface) est un groupe d\u2019isovaleurs repr\u00e9sent\u00e9 dans l\u2019espace.<\/p>\n","protected":false},"excerpt":{"rendered":"<p>Les invariants Il y a-t-il, en arrivant au terme de cette exploration de figurations remarquables, o\u00f9 les ph\u00e9nom\u00e8nes d\u2019ambiance sont repr\u00e9sent\u00e9s, des invariants, des images prototypiques pour le vent, le soleil et la lumi\u00e8re, la temp\u00e9rature et le son\u00a0? Si ces prototypes existent, ils pourront \u00eatre utilis\u00e9s dans la construction des topiques d\u2019ambiance (voir le &hellip; <a href=\"https:\/\/www.keris-studio.fr\/blog\/?p=10306\" class=\"more-link\">Continuer la lecture de <span class=\"screen-reader-text\">Figurations de l&rsquo;intangible<\/span>  <span class=\"meta-nav\">&rarr;<\/span><\/a><\/p>\n","protected":false},"author":2,"featured_media":0,"comment_status":"open","ping_status":"open","sticky":false,"template":"","format":"standard","meta":{"footnotes":""},"categories":[368,190,14,195,25,8,189,128,174],"tags":[363,68,369,177,290,370,372,371],"class_list":["post-10306","post","type-post","status-publish","format-standard","hentry","category-ambiance","category-architecture-2","category-conception","category-creation","category-etats-de-lart","category-methodologie","category-publications","category-references","category-simulations","tag-ambiance","tag-lumiere","tag-phenomenes","tag-representation","tag-soleil","tag-son","tag-sonore","tag-thermique"],"_links":{"self":[{"href":"https:\/\/www.keris-studio.fr\/blog\/index.php?rest_route=\/wp\/v2\/posts\/10306","targetHints":{"allow":["GET"]}}],"collection":[{"href":"https:\/\/www.keris-studio.fr\/blog\/index.php?rest_route=\/wp\/v2\/posts"}],"about":[{"href":"https:\/\/www.keris-studio.fr\/blog\/index.php?rest_route=\/wp\/v2\/types\/post"}],"author":[{"embeddable":true,"href":"https:\/\/www.keris-studio.fr\/blog\/index.php?rest_route=\/wp\/v2\/users\/2"}],"replies":[{"embeddable":true,"href":"https:\/\/www.keris-studio.fr\/blog\/index.php?rest_route=%2Fwp%2Fv2%2Fcomments&post=10306"}],"version-history":[{"count":5,"href":"https:\/\/www.keris-studio.fr\/blog\/index.php?rest_route=\/wp\/v2\/posts\/10306\/revisions"}],"predecessor-version":[{"id":10356,"href":"https:\/\/www.keris-studio.fr\/blog\/index.php?rest_route=\/wp\/v2\/posts\/10306\/revisions\/10356"}],"wp:attachment":[{"href":"https:\/\/www.keris-studio.fr\/blog\/index.php?rest_route=%2Fwp%2Fv2%2Fmedia&parent=10306"}],"wp:term":[{"taxonomy":"category","embeddable":true,"href":"https:\/\/www.keris-studio.fr\/blog\/index.php?rest_route=%2Fwp%2Fv2%2Fcategories&post=10306"},{"taxonomy":"post_tag","embeddable":true,"href":"https:\/\/www.keris-studio.fr\/blog\/index.php?rest_route=%2Fwp%2Fv2%2Ftags&post=10306"}],"curies":[{"name":"wp","href":"https:\/\/api.w.org\/{rel}","templated":true}]}}